{"id":16451,"date":"2023-06-29T11:30:02","date_gmt":"2023-06-29T11:30:02","guid":{"rendered":"https:\/\/www.lodelmomentoloja.com\/?p=16451"},"modified":"2023-06-29T18:55:14","modified_gmt":"2023-06-29T18:55:14","slug":"moradores-de-el-pedestal-conocen-un-nuevo-proyecto","status":"publish","type":"post","link":"https:\/\/www.lodelmomentoloja.com\/?p=16451","title":{"rendered":"Moradores de El Pedestal conocen un nuevo proyecto."},"content":{"rendered":"<p>Con el fin de rescatar el concepto de las plazas y convertirlas en espacios vivos, con movimiento, la administraci\u00f3n municipal socializ\u00f3 con los moradores del barrio El Pedestal un proyecto integral del espacio p\u00fablico junto a la iglesia.<\/p>\n<p>&nbsp;<\/p>\n<p>La idea es realizar un trabajo conjunto entre el Municipio de Loja, la Di\u00f3cesis y la comunidad, creando un \u00e1rea que aglutine a la gente trav\u00e9s de espacios culturales y deportivos. En la proyecci\u00f3n se prev\u00e9n elementos desmontables que sean llamativos, explica Agust\u00edn Ruiz, director de Planificaci\u00f3n.<\/p>\n<p>&nbsp;<\/p>\n<p>A\u00f1adi\u00f3 que en esta reuni\u00f3n la municipalidad recept\u00f3 las inquietudes y sugerencias de los moradores, las cuales ser\u00e1n incorporadas en el proyecto, con lo cual podr\u00e1n calcular el presupuesto que se requiere y los mecanismos para gestionar los recursos.<\/p>\n<p>&nbsp;<\/p>\n<p>\u201cEs un proyecto novedoso e interesante para la comunidad que vive en este sector. La iglesia siempre estar\u00e1 presta para trabajar con las autoridades\u201d, expres\u00f3 el p\u00e1rroco de la iglesia El Pedestal, Luis Marcelo Enr\u00edquez.<\/p>\n<p>&nbsp;<\/p>\n<p>Para Luis Morocho, quien vive m\u00e1s de 25 a\u00f1os en el sector, manifest\u00f3 que la propuesta realizada por la alcald\u00eda de Loja es importante para mejorar el sector, inclusive generar turismo y seguridad al lugar.<\/p>\n<p><em>S\u00edguenos #LDMnoticias \u00f3 #lodelmomentolojaLDM<\/em><\/p>\n","protected":false},"excerpt":{"rendered":"<p>Con el fin de rescatar el concepto de las plazas y convertirlas en espacios vivos,&#8230;<\/p>\n","protected":false},"author":1,"featured_media":16452,"comment_status":"open","ping_status":"open","sticky":false,"template":"","format":"standard","meta":{"footnotes":""},"categories":[1,5],"tags":[],"class_list":["post-16451","post","type-post","status-publish","format-standard","has-post-thumbnail","hentry","category-inicio","category-loja"],"_links":{"self":[{"href":"https:\/\/www.lodelmomentoloja.com\/index.php?rest_route=\/wp\/v2\/posts\/16451"}],"collection":[{"href":"https:\/\/www.lodelmomentoloja.com\/index.php?rest_route=\/wp\/v2\/posts"}],"about":[{"href":"https:\/\/www.lodelmomentoloja.com\/index.php?rest_route=\/wp\/v2\/types\/post"}],"author":[{"embeddable":true,"href":"https:\/\/www.lodelmomentoloja.com\/index.php?rest_route=\/wp\/v2\/users\/1"}],"replies":[{"embeddable":true,"href":"https:\/\/www.lodelmomentoloja.com\/index.php?rest_route=%2Fwp%2Fv2%2Fcomments&post=16451"}],"version-history":[{"count":1,"href":"https:\/\/www.lodelmomentoloja.com\/index.php?rest_route=\/wp\/v2\/posts\/16451\/revisions"}],"predecessor-version":[{"id":16453,"href":"https:\/\/www.lodelmomentoloja.com\/index.php?rest_route=\/wp\/v2\/posts\/16451\/revisions\/16453"}],"wp:featuredmedia":[{"embeddable":true,"href":"https:\/\/www.lodelmomentoloja.com\/index.php?rest_route=\/wp\/v2\/media\/16452"}],"wp:attachment":[{"href":"https:\/\/www.lodelmomentoloja.com\/index.php?rest_route=%2Fwp%2Fv2%2Fmedia&parent=16451"}],"wp:term":[{"taxonomy":"category","embeddable":true,"href":"https:\/\/www.lodelmomentoloja.com\/index.php?rest_route=%2Fwp%2Fv2%2Fcategories&post=16451"},{"taxonomy":"post_tag","embeddable":true,"href":"https:\/\/www.lodelmomentoloja.com\/index.php?rest_route=%2Fwp%2Fv2%2Ftags&post=16451"}],"curies":[{"name":"wp","href":"https:\/\/api.w.org\/{rel}","templated":true}]}}