{"id":16432,"date":"2023-06-28T17:30:39","date_gmt":"2023-06-28T17:30:39","guid":{"rendered":"https:\/\/www.lodelmomentoloja.com\/?p=16432"},"modified":"2023-06-28T22:32:52","modified_gmt":"2023-06-28T22:32:52","slug":"estudiantes-podran-tener-supletorios-desde-quinto-de-basica-en-adelante-en-ecuador","status":"publish","type":"post","link":"https:\/\/www.lodelmomentoloja.com\/?p=16432","title":{"rendered":"Estudiantes podr\u00e1n tener supletorios desde quinto de b\u00e1sica en adelante en Ecuador"},"content":{"rendered":"<p>\ud83d\ude31\ud83d\udc40\ud83e\uddd1\ud83c\udffb\u200d\ud83c\udfeb \u00a1Nuevo a\u00f1o, nuevas reglas! El regreso a clases est\u00e1 programado para el 22 de agosto de 2023, con la incorporaci\u00f3n de los alumnos de primero, segundo y tercer a\u00f1o de bachillerato, as\u00ed como los de educaci\u00f3n inicial. El regreso se realizar\u00e1 de manera escalonada hasta completar todos los niveles el 24 de agosto.<\/p>\n<p>En el marco del nuevo a\u00f1o lectivo, se implementar\u00e1n varias modificaciones en la metodolog\u00eda educativa. Ahora se dividir\u00e1 en tres periodos, ajustando a 200 d\u00edas laborables el tiempo destinado a las clases de los estudiantes.<\/p>\n<p>Uno de los cambios m\u00e1s destacados es la eliminaci\u00f3n de los ex\u00e1menes remediales y de gracia, que brindaban una segunda y tercera oportunidad a los estudiantes para aprobar asignaturas y avanzar al siguiente curso. La reforma al Reglamento General de la LOEI, publicada en el Registro Oficial el 22 de febrero de 2023, ha suprimido estas oportunidades adicionales. Sin embargo, los estudiantes que obtengan una calificaci\u00f3n inferior a 7\/10 en una materia podr\u00e1n rendir un examen supletorio o de recuperaci\u00f3n.<\/p>\n<p>Seg\u00fan un comunicado del Ministerio de Educaci\u00f3n, el examen supletorio se aplicar\u00e1 a estudiantes de los subniveles de Educaci\u00f3n General B\u00e1sica Media, Superior y Bachillerato, abarcando a estudiantes a partir de los 10 a\u00f1os de edad.<\/p>\n<p>En cuanto al cronograma de los ex\u00e1menes supletorios, se establece que los alumnos contar\u00e1n con 14 d\u00edas de clases de recuperaci\u00f3n previos a la realizaci\u00f3n de los mismos, del 21 de junio al 4 de julio de 2024. Los ex\u00e1menes supletorios, entrega de calificaciones y juntas se llevar\u00e1n a cabo del 5 al 9 de julio de 2024.<\/p>\n<p>Adem\u00e1s, dentro del nuevo sistema se ha eliminado la promoci\u00f3n autom\u00e1tica en la Educaci\u00f3n B\u00e1sica Media, con el objetivo de garantizar que los estudiantes desarrollen habilidades comunicacionales y l\u00f3gico-matem\u00e1ticas fundamentales antes de avanzar a grados superiores.<\/p>\n<p>Fuente: El Comercio.<\/p>\n<p>www.lodelmomentoloja.com<\/p>\n<p>#LDMnoticias #lodelmomentolojaLDM<\/p>\n","protected":false},"excerpt":{"rendered":"<p>\ud83d\ude31\ud83d\udc40\ud83e\uddd1\ud83c\udffb\u200d\ud83c\udfeb \u00a1Nuevo a\u00f1o, nuevas reglas! El regreso a clases est\u00e1 programado para el 22 de&#8230;<\/p>\n","protected":false},"author":1,"featured_media":16433,"comment_status":"open","ping_status":"open","sticky":false,"template":"","format":"standard","meta":{"footnotes":""},"categories":[7,1],"tags":[],"class_list":["post-16432","post","type-post","status-publish","format-standard","has-post-thumbnail","hentry","category-ecuador","category-inicio"],"_links":{"self":[{"href":"https:\/\/www.lodelmomentoloja.com\/index.php?rest_route=\/wp\/v2\/posts\/16432"}],"collection":[{"href":"https:\/\/www.lodelmomentoloja.com\/index.php?rest_route=\/wp\/v2\/posts"}],"about":[{"href":"https:\/\/www.lodelmomentoloja.com\/index.php?rest_route=\/wp\/v2\/types\/post"}],"author":[{"embeddable":true,"href":"https:\/\/www.lodelmomentoloja.com\/index.php?rest_route=\/wp\/v2\/users\/1"}],"replies":[{"embeddable":true,"href":"https:\/\/www.lodelmomentoloja.com\/index.php?rest_route=%2Fwp%2Fv2%2Fcomments&post=16432"}],"version-history":[{"count":1,"href":"https:\/\/www.lodelmomentoloja.com\/index.php?rest_route=\/wp\/v2\/posts\/16432\/revisions"}],"predecessor-version":[{"id":16434,"href":"https:\/\/www.lodelmomentoloja.com\/index.php?rest_route=\/wp\/v2\/posts\/16432\/revisions\/16434"}],"wp:featuredmedia":[{"embeddable":true,"href":"https:\/\/www.lodelmomentoloja.com\/index.php?rest_route=\/wp\/v2\/media\/16433"}],"wp:attachment":[{"href":"https:\/\/www.lodelmomentoloja.com\/index.php?rest_route=%2Fwp%2Fv2%2Fmedia&parent=16432"}],"wp:term":[{"taxonomy":"category","embeddable":true,"href":"https:\/\/www.lodelmomentoloja.com\/index.php?rest_route=%2Fwp%2Fv2%2Fcategories&post=16432"},{"taxonomy":"post_tag","embeddable":true,"href":"https:\/\/www.lodelmomentoloja.com\/index.php?rest_route=%2Fwp%2Fv2%2Ftags&post=16432"}],"curies":[{"name":"wp","href":"https:\/\/api.w.org\/{rel}","templated":true}]}}