{"id":16422,"date":"2023-06-28T09:00:58","date_gmt":"2023-06-28T09:00:58","guid":{"rendered":"https:\/\/www.lodelmomentoloja.com\/?p=16422"},"modified":"2023-06-28T15:38:42","modified_gmt":"2023-06-28T15:38:42","slug":"en-loja-se-registran-ocho-agrupaciones-politicas-para-la-asamblea-nacional","status":"publish","type":"post","link":"https:\/\/www.lodelmomentoloja.com\/?p=16422","title":{"rendered":"En Loja, se registran ocho agrupaciones pol\u00edticas para la Asamblea Nacional."},"content":{"rendered":"<p>A pocos meses de llegar al 20 de agosto 2023 donde se llevar\u00e1n a cabo las elecciones presidenciales, legislativas anticipadas 2023 y Consultas Populares: Yasun\u00ed y Choc\u00f3 Andino, en la provincia de Loja ya se ha concretado el registro de once agrupaciones pol\u00edticas que aspiran llegar al poder legislativo, entre ellas, caras conocidas y otras nuevas que expondr\u00e1n sus propuestas en la campa\u00f1a.<\/p>\n<h4><strong>\u00bfQui\u00e9nes son los aspirantes de esta nueva edici\u00f3n electoral?<\/strong><\/h4>\n<ul>\n<li>El primero en inscribirse fue el <strong>Movimiento ARE (Lista 63) encabezado por Jos\u00e9 Bol\u00edvar Castillo<\/strong>, con un particular, entre los candidatos de su lista se ha incluido a Jessica Pinoargote qui\u00e9n fue candidata a la Prefectura de Loja en la \u00faltima edici\u00f3n electoral.<\/li>\n<li>Luego de haber participado por CREO en los \u00faltimos 8 a\u00f1os, <strong>Rafael D\u00e1vila<\/strong> <strong>cambia de partido para ir con la Alianza Actuemos (lista 8-63)<\/strong>, en esta lista tambi\u00e9n estar\u00e1 Eduardo Jaramillo, exgobernador de Alianza pa\u00eds de la \u00e9poca del presidente Lenin Moreno.<\/li>\n<li>Pese haber sido enviada a la casa por la Muerte Cruzada, <strong>la exlegisladora Johanna Ort\u00edz encabezar\u00e1 como candidata de la Revoluci\u00f3n Ciudadana (Lista 5)<\/strong>, en su lista existen varios actores que en su momento estuvieron contrarios al proceso pol\u00edtico.<\/li>\n<li>Desde el <strong>Partido Social Cristiano, Nilo C\u00f3rdova nuevamente seguir\u00e1 participando<\/strong> en esta edici\u00f3n, por segunda ocasi\u00f3n el candidato buscar\u00e1 ingresar por un cargo de elecci\u00f3n popular.<\/li>\n<li>Luego de haber pasado por un proceso electoral bastante productivo, <strong>Centro Democr\u00e1tico (Lista 1) tendr\u00e1 a Juan Andr\u00e9s Gonz\u00e1lez<\/strong> como su principal candidato a la Asamblea Nacional, de la mano de varios actores sociales y pol\u00edticos de la provincia de Loja.<\/li>\n<li><strong>Movimiento Nacional Construye (lista 25) tendr\u00e1 a Manuel Tapia<\/strong> como su primer elegido en b\u00fasqueda de un curul en la Asamblea Nacional.<\/li>\n<li><strong>La joven Dayana Pucha<\/strong> tambi\u00e9n encabezara la lista de candidatos, su representaci\u00f3n ser\u00e1 <strong>por la alianza Claro que se Puede<\/strong> <strong>(Listas 2-17-20)<\/strong> de qui\u00e9n figura su candidato presidencial Yaku P\u00e9rez.<\/li>\n<li>En representaci\u00f3n del <strong>Movimiento Reto (Lista 33) Auria Villavicencio ser\u00e1 la representante de Xavier Hervas<\/strong> para ir a la Asamblea Nacional.<\/li>\n<li><strong>Pachakutik (Lista 18)<\/strong> pese a no tener candidato presidencial, <strong>han elegido en Loja a Jos\u00e9 Sarango<\/strong> para que pueda ir como el primero en la lista de esta agrupaci\u00f3n pol\u00edtica.<\/li>\n<li>El movimiento Amigo (Listas 16) tendr\u00e1 a Yadira Flores como aspirante a la Asamblea Nacional en esta edici\u00f3n.<\/li>\n<li>Finalmente, la alianza Acci\u00f3n Democr\u00e1tica tendr\u00e1 a Jorge Guevara, qui\u00e9n en la \u00faltimo proceso electoral estuvo de candidato a la Prefectura por Pachakutik.<\/li>\n<\/ul>\n<p><strong>De las once agrupaciones<\/strong> mencionadas <strong>solo cinco ya est\u00e1n calificadas<\/strong>, entre ellos est\u00e1n: ARE, Construye, Claro que se puede, RETO y RC; sin embargo, a\u00fan hay periodos donde los movimientos tienen que subsanar algunos temas que relacionan a la consolidaci\u00f3n total y as\u00ed puedan formar parte de la papeleta de estas elecciones anticipadas 2023, pero de los once que se puedan inscribir solo cuatro llegar\u00e1n a la meta.<\/p>\n<p><em>S\u00edguenos #LDMnoticias \u00f3 #lodelmomentolojaLDM<\/em><\/p>\n","protected":false},"excerpt":{"rendered":"<p>A pocos meses de llegar al 20 de agosto 2023 donde se llevar\u00e1n a cabo&#8230;<\/p>\n","protected":false},"author":1,"featured_media":16423,"comment_status":"open","ping_status":"open","sticky":false,"template":"","format":"standard","meta":{"footnotes":""},"categories":[1,5],"tags":[],"class_list":["post-16422","post","type-post","status-publish","format-standard","has-post-thumbnail","hentry","category-inicio","category-loja"],"_links":{"self":[{"href":"https:\/\/www.lodelmomentoloja.com\/index.php?rest_route=\/wp\/v2\/posts\/16422"}],"collection":[{"href":"https:\/\/www.lodelmomentoloja.com\/index.php?rest_route=\/wp\/v2\/posts"}],"about":[{"href":"https:\/\/www.lodelmomentoloja.com\/index.php?rest_route=\/wp\/v2\/types\/post"}],"author":[{"embeddable":true,"href":"https:\/\/www.lodelmomentoloja.com\/index.php?rest_route=\/wp\/v2\/users\/1"}],"replies":[{"embeddable":true,"href":"https:\/\/www.lodelmomentoloja.com\/index.php?rest_route=%2Fwp%2Fv2%2Fcomments&post=16422"}],"version-history":[{"count":1,"href":"https:\/\/www.lodelmomentoloja.com\/index.php?rest_route=\/wp\/v2\/posts\/16422\/revisions"}],"predecessor-version":[{"id":16424,"href":"https:\/\/www.lodelmomentoloja.com\/index.php?rest_route=\/wp\/v2\/posts\/16422\/revisions\/16424"}],"wp:featuredmedia":[{"embeddable":true,"href":"https:\/\/www.lodelmomentoloja.com\/index.php?rest_route=\/wp\/v2\/media\/16423"}],"wp:attachment":[{"href":"https:\/\/www.lodelmomentoloja.com\/index.php?rest_route=%2Fwp%2Fv2%2Fmedia&parent=16422"}],"wp:term":[{"taxonomy":"category","embeddable":true,"href":"https:\/\/www.lodelmomentoloja.com\/index.php?rest_route=%2Fwp%2Fv2%2Fcategories&post=16422"},{"taxonomy":"post_tag","embeddable":true,"href":"https:\/\/www.lodelmomentoloja.com\/index.php?rest_route=%2Fwp%2Fv2%2Ftags&post=16422"}],"curies":[{"name":"wp","href":"https:\/\/api.w.org\/{rel}","templated":true}]}}