{"id":16419,"date":"2023-06-28T08:38:46","date_gmt":"2023-06-28T08:38:46","guid":{"rendered":"https:\/\/www.lodelmomentoloja.com\/?p=16419"},"modified":"2023-06-28T13:39:55","modified_gmt":"2023-06-28T13:39:55","slug":"adolescentes-rescatadas-en-pichincha","status":"publish","type":"post","link":"https:\/\/www.lodelmomentoloja.com\/?p=16419","title":{"rendered":"Adolescentes rescatadas en Pichincha"},"content":{"rendered":"<p dir=\"ltr\">\ud83d\ude31\ud83e\udec2\ud83d\udd75\ufe0f \u00a1Ten\u00eda discapacidad intelectual! Policia nacional inform\u00f3 que rescat\u00f3 a dos adolescentes (16 y 14 a\u00f1os) que presuntamente eran v\u00edctimas del delito de trata de personas, con fines de prostituci\u00f3n forzada, en Nanegalito, provincia de Pichincha.<\/p>\n<p dir=\"ltr\">Seg\u00fan la entidad, a trav\u00e9s de la Direcci\u00f3n Nacional de Investigaci\u00f3n Contra la Violencia de Genero, Mujer, Ni\u00f1ez, Adolescencia, Trata de Personas y Tr\u00e1fico Il\u00edcito de Migrantes (DINAF) se realiz\u00f3 el operativo denominado Redenci\u00f3n VIII, mediante el cual se rescat\u00f3 a las dos adolescentes: una de 16 y otra de 14 a\u00f1os de edad.<\/p>\n<p dir=\"ltr\">Las investigaciones de la Polic\u00eda Nacional detallaron que la adolescente de 16 a\u00f1os de edad tiene una discapacidad intelectual de 45%, y presuntamente era obligada a realizar actos de naturaleza sexual a cambio de un beneficio econ\u00f3mico, por parte de su madre.<\/p>\n<p dir=\"ltr\">La Polic\u00eda detall\u00f3 que se encuentra en estado de gestaci\u00f3n.<\/p>\n<p dir=\"ltr\">Por otro lado, la adolescente de 14 a\u00f1os fue presuntamente violada en su integridad sexual en varias ocasiones por su padrastro y su hermano. Por esta raz\u00f3n escap\u00f3 de su casa.<\/p>\n<p dir=\"ltr\">Producto de este desarraigo familiar fue v\u00edctima de trata de personas, adem\u00e1s actualmente padece de una adicci\u00f3n al alcohol.<\/p>\n<p dir=\"ltr\">Fuente: El Comercio.<\/p>\n<p dir=\"ltr\">www.lodelmomentoloja.com<br \/>\n#LDMnoticias #lodelmomentolojaLDM<\/p>\n","protected":false},"excerpt":{"rendered":"<p>\ud83d\ude31\ud83e\udec2\ud83d\udd75\ufe0f \u00a1Ten\u00eda discapacidad intelectual! Policia nacional inform\u00f3 que rescat\u00f3 a dos adolescentes (16 y 14&#8230;<\/p>\n","protected":false},"author":1,"featured_media":16420,"comment_status":"open","ping_status":"open","sticky":false,"template":"","format":"standard","meta":{"footnotes":""},"categories":[7,1],"tags":[],"class_list":["post-16419","post","type-post","status-publish","format-standard","has-post-thumbnail","hentry","category-ecuador","category-inicio"],"_links":{"self":[{"href":"https:\/\/www.lodelmomentoloja.com\/index.php?rest_route=\/wp\/v2\/posts\/16419"}],"collection":[{"href":"https:\/\/www.lodelmomentoloja.com\/index.php?rest_route=\/wp\/v2\/posts"}],"about":[{"href":"https:\/\/www.lodelmomentoloja.com\/index.php?rest_route=\/wp\/v2\/types\/post"}],"author":[{"embeddable":true,"href":"https:\/\/www.lodelmomentoloja.com\/index.php?rest_route=\/wp\/v2\/users\/1"}],"replies":[{"embeddable":true,"href":"https:\/\/www.lodelmomentoloja.com\/index.php?rest_route=%2Fwp%2Fv2%2Fcomments&post=16419"}],"version-history":[{"count":1,"href":"https:\/\/www.lodelmomentoloja.com\/index.php?rest_route=\/wp\/v2\/posts\/16419\/revisions"}],"predecessor-version":[{"id":16421,"href":"https:\/\/www.lodelmomentoloja.com\/index.php?rest_route=\/wp\/v2\/posts\/16419\/revisions\/16421"}],"wp:featuredmedia":[{"embeddable":true,"href":"https:\/\/www.lodelmomentoloja.com\/index.php?rest_route=\/wp\/v2\/media\/16420"}],"wp:attachment":[{"href":"https:\/\/www.lodelmomentoloja.com\/index.php?rest_route=%2Fwp%2Fv2%2Fmedia&parent=16419"}],"wp:term":[{"taxonomy":"category","embeddable":true,"href":"https:\/\/www.lodelmomentoloja.com\/index.php?rest_route=%2Fwp%2Fv2%2Fcategories&post=16419"},{"taxonomy":"post_tag","embeddable":true,"href":"https:\/\/www.lodelmomentoloja.com\/index.php?rest_route=%2Fwp%2Fv2%2Ftags&post=16419"}],"curies":[{"name":"wp","href":"https:\/\/api.w.org\/{rel}","templated":true}]}}