{"id":16359,"date":"2023-06-23T17:26:24","date_gmt":"2023-06-23T17:26:24","guid":{"rendered":"https:\/\/www.lodelmomentoloja.com\/?p=16359"},"modified":"2023-06-23T22:27:37","modified_gmt":"2023-06-23T22:27:37","slug":"segunda-convocatoria-de-retos-de-innovacion-abierta-utpl","status":"publish","type":"post","link":"https:\/\/www.lodelmomentoloja.com\/?p=16359","title":{"rendered":"Segunda convocatoria de retos de innovaci\u00f3n abierta UTPL"},"content":{"rendered":"<p><strong>UTPL present\u00f3 su II Convocatoria de Retos de Innovaci\u00f3n Abierta<\/strong><\/p>\n<p><em>La Convocatoria busca que m\u00e1s j\u00f3venes a nivel nacional resuelvan retos alineados a la consolidaci\u00f3n de Ciudades Inteligentes y Sustentables. Las inscripciones estar\u00e1n habilitadas del 22 de junio al 15 de septiembre de 2023.<\/em><\/p>\n<p>Contribuir al cumplimiento de los Objetivos de Desarrollo Sostenible (ODS) es una de las prioridades institucionales de la Universidad T\u00e9cnica Particular de Loja (UTPL), para lo cual cuenta con un moderno y equipado Parque Cient\u00edfico y Tecnol\u00f3gico que, en articulaci\u00f3n con el sector productivo de Ecuador, fomenta la innovaci\u00f3n, la sostenibilidad y la generaci\u00f3n de soluciones para responder a las actuales necesidades y desaf\u00edos del siglo XXI.<\/p>\n<p>A trav\u00e9s de este espacio, la universidad impulsa desde el 2022 la Convocatoria de Retos de Innovaci\u00f3n Abierta Loja Sostenible 2030, con el objetivo de involucrar a diferentes actores en la generaci\u00f3n de propuesta inclusivas, seguras y resilientes, orientadas al desarrollo de Loja como ciudad inteligente y sostenible <strong>(Smart City). <\/strong>Esta primera edici\u00f3n cont\u00f3 con apoyo del Ministerio de Telecomunicaciones y de la Sociedad de la Informaci\u00f3n (Mintel) y se cumpli\u00f3 bajo el slogan: \u201cLoja sostenible 2030, hacia una ciudad inteligente\u201d.<\/p>\n<p>Dados los excelentes resultados obtenidos en esta primera edici\u00f3n, la UTPL, el Mintel y el Ministerio de Educaci\u00f3n organizan la \u201c<strong>II Convocatoria de Retos de Innovaci\u00f3n Abierta Ecuador Sustentable 2030: Hacia un pa\u00eds con un ecosistema innovador y emprendedor<\/strong>\u201d, a efectuarse del 22 de junio de 2023 al 20 de enero de 2024, con la finalidad de que m\u00e1s j\u00f3venes a nivel nacional se sumen a estas iniciativas alineadas a la consolidaci\u00f3n de Ciudades Inteligentes y Sustentables.<\/p>\n<p>El acto oficial de presentaci\u00f3n de esta II Convocatoria se realiz\u00f3 el jueves, 22 de junio de 2023, en las instalaciones del Centro Regional de la UTPL en la ciudad de Quito. El evento cont\u00f3 con la participaci\u00f3n de estudiantes, profesores de bachillerato, representantes de la universidad, de los Ministerios de Telecomunicaciones y de la Sociedad de la Informaci\u00f3n (Mintel), Ministerio de Educaci\u00f3n y de otras entidades de Gobierno afines, quienes conocieron de primera mano los retos u ejes tem\u00e1ticos que se deber\u00e1n cumplir y el cronograma de actividades.<\/p>\n<p>Durante el evento, Rosario de Rivas Manzano, vicerrectora acad\u00e9mica de la UTPL, brind\u00f3 detalles sobre los esfuerzos que desarrolla la universidad para contribuir al ecosistema emprendedor del pa\u00eds, a trav\u00e9s de su C\u00e1tedra de Emprendimiento, la incubadora Prendho y el Parque Cient\u00edfico y Tecnol\u00f3gico.<\/p>\n<p>\u201cNuestra vocaci\u00f3n de servicio tiene impacto en el territorio, con el prop\u00f3sito de generar espacios donde los j\u00f3venes se conviertan en actores sociales relevantes que ayuden a mejorar la calidad de vida de las personas\u201d, expres\u00f3 Rivas.<\/p>\n<p>Por otra parte, Ana Santos Delgado, directora de Vinculaci\u00f3n de la UTPL, destac\u00f3 el modelo de gesti\u00f3n territorial de cuatro h\u00e9lices, basado en la colaboraci\u00f3n de empresas, sociedad civil, Gobierno y el sector de Conocimiento, que impulsa la universidad. Adem\u00e1s, se\u00f1al\u00f3 que la iniciativa de la II Convocatoria de Retos de Innovaci\u00f3n se enmarca en esta visi\u00f3n.<\/p>\n<p>Las inscripciones para formar parte de esta II Convocatoria estar\u00e1n habilitadas del 22 de junio al 15 de septiembre de 2023, a trav\u00e9s de la p\u00e1gina: <strong>retosinnovacion.utpl.edu.ec.<\/strong> Los aspirantes podr\u00e1n escribirse en dos categor\u00edas, dependiendo de su nivel actual de estudios:<\/p>\n<ul>\n<li><strong>Ideaci\u00f3n:<\/strong> dirigido a estudiantes de primero a tercero de bachillerato. Se podr\u00e1n inscribir entre 1 a 5 estudiantes de la misma instituci\u00f3n que pertenezcan a uno o varios niveles y tipos de bachillerato.<\/li>\n<li><strong>Prototipado<\/strong>: dirigido a estudiantes universitarios. Se podr\u00e1n inscribir entre 1 a 5 personas de tercer o cuarto nivel.<\/li>\n<\/ul>\n<p>Los inscritos <strong>recibir\u00e1n talleres y acompa\u00f1amiento permanente <\/strong>por parte de expertos de la UTPL, a fin de que desarrollen la creatividad, el esp\u00edritu emprendedor y nuevas habilidades que fortalecer\u00e1n su perfil como estudiantes y futuros profesionales.<\/p>\n<p>Andrea Armijos Robles, directora de Tecnolog\u00edas para la Educaci\u00f3n del Ministerio de Educaci\u00f3n, mencion\u00f3 que uno de los retos m\u00e1s grandes que enfrenta el planeta consiste en la implementaci\u00f3n de ciudades inteligentes y sostenibles, a partir de ecosistemas de innovaci\u00f3n y emprendimiento. En esa l\u00ednea, destac\u00f3 el rol que tendr\u00e1n los j\u00f3venes y las pr\u00f3ximas generaciones para alcanzar esta meta.<\/p>\n<p>Por otra parte, Alex Beltr\u00e1n Flores, Subsecretario de Fomento de la Informaci\u00f3n y Econom\u00eda Digital del Mintel, enfatiz\u00f3 que, a partir de la creatividad de los j\u00f3venes, se puede impulsar el desarrollo econ\u00f3mico y social del Ecuador. Adem\u00e1s, se\u00f1al\u00f3 que estamos frente a una era que ha profundizado los avances tecnol\u00f3gicos en todos los \u00e1mbitos y, a partir de ello, es vital fortalecer la cooperaci\u00f3n entre diferentes actores.<\/p>\n<p>De esta manera, la universidad identifica en los estudiantes de educaci\u00f3n media y superior una oportunidad para crear, innovar y dar soluciones a problemas reales. Conf\u00eda en su potencial y en su capacidad para transformar el mundo, por lo que apoya sus iniciativas a trav\u00e9s de estas Convocatorias y dem\u00e1s proyectos acad\u00e9micos.<\/p>\n<p><strong>Dato<\/strong><\/p>\n<p>Conozca el cronograma completo de la <strong>II Convocatoria de Retos de Innovaci\u00f3n Abierta <\/strong>y dem\u00e1s bases del concurso, a trav\u00e9s del siguiente enlace: <strong>retosinnovacion.utpl.edu.ec<\/strong><\/p>\n<p>V\u00eda UTPL<\/p>\n<p>#LDMnoticias #lodelmomentolojaLDM<\/p>\n","protected":false},"excerpt":{"rendered":"<p>UTPL present\u00f3 su II Convocatoria de Retos de Innovaci\u00f3n Abierta La Convocatoria busca que m\u00e1s&#8230;<\/p>\n","protected":false},"author":1,"featured_media":16360,"comment_status":"open","ping_status":"open","sticky":false,"template":"","format":"standard","meta":{"footnotes":""},"categories":[7,1,5],"tags":[],"class_list":["post-16359","post","type-post","status-publish","format-standard","has-post-thumbnail","hentry","category-ecuador","category-inicio","category-loja"],"_links":{"self":[{"href":"https:\/\/www.lodelmomentoloja.com\/index.php?rest_route=\/wp\/v2\/posts\/16359"}],"collection":[{"href":"https:\/\/www.lodelmomentoloja.com\/index.php?rest_route=\/wp\/v2\/posts"}],"about":[{"href":"https:\/\/www.lodelmomentoloja.com\/index.php?rest_route=\/wp\/v2\/types\/post"}],"author":[{"embeddable":true,"href":"https:\/\/www.lodelmomentoloja.com\/index.php?rest_route=\/wp\/v2\/users\/1"}],"replies":[{"embeddable":true,"href":"https:\/\/www.lodelmomentoloja.com\/index.php?rest_route=%2Fwp%2Fv2%2Fcomments&post=16359"}],"version-history":[{"count":1,"href":"https:\/\/www.lodelmomentoloja.com\/index.php?rest_route=\/wp\/v2\/posts\/16359\/revisions"}],"predecessor-version":[{"id":16361,"href":"https:\/\/www.lodelmomentoloja.com\/index.php?rest_route=\/wp\/v2\/posts\/16359\/revisions\/16361"}],"wp:featuredmedia":[{"embeddable":true,"href":"https:\/\/www.lodelmomentoloja.com\/index.php?rest_route=\/wp\/v2\/media\/16360"}],"wp:attachment":[{"href":"https:\/\/www.lodelmomentoloja.com\/index.php?rest_route=%2Fwp%2Fv2%2Fmedia&parent=16359"}],"wp:term":[{"taxonomy":"category","embeddable":true,"href":"https:\/\/www.lodelmomentoloja.com\/index.php?rest_route=%2Fwp%2Fv2%2Fcategories&post=16359"},{"taxonomy":"post_tag","embeddable":true,"href":"https:\/\/www.lodelmomentoloja.com\/index.php?rest_route=%2Fwp%2Fv2%2Ftags&post=16359"}],"curies":[{"name":"wp","href":"https:\/\/api.w.org\/{rel}","templated":true}]}}