{"id":16332,"date":"2023-06-22T13:59:39","date_gmt":"2023-06-22T13:59:39","guid":{"rendered":"https:\/\/www.lodelmomentoloja.com\/?p=16332"},"modified":"2023-06-22T18:01:02","modified_gmt":"2023-06-22T18:01:02","slug":"1er-festival-bailamos-contigo-fitness-en-loja","status":"publish","type":"post","link":"https:\/\/www.lodelmomentoloja.com\/?p=16332","title":{"rendered":"1er festival Bailamos contigo\/fitness en Loja"},"content":{"rendered":"<p dir=\"ltr\">\ud83d\udc68\u200d\ud83d\udc69\u200d\ud83d\udc67\u200d\ud83d\udc67\ud83d\udd7a\ud83c\udffb\ud83d\udcaa\ud83c\udffb\u00a1La familia con el deporte! A trav\u00e9s de una rueda de prensa con medios de comunicaci\u00f3n locales, la fundaci\u00f3n J.M Contigo present\u00f3 oficialmente a la ciudadan\u00eda el 1er Festival denominado \u201cBailamos Contigo\/Fitness Club\u201d, mismo que tiene como objetivo la uni\u00f3n familiar a trav\u00e9s de la pr\u00e1ctica deportiva y la recaudaci\u00f3n de fondos econ\u00f3micos que est\u00e1n destinados al fortalecimiento de los servicios de atenci\u00f3n integral y casa de acogida, a los cuales acceden personas que han sido v\u00edctimas de violencia y vulneraci\u00f3n de sus derechos.<\/p>\n<p dir=\"ltr\">Este evento se efect\u00faa\u00a0 en honor al mes de la familia y est\u00e1 previsto para el domingo 25 de junio, a partir de las 09h00, en el Coliseo Ciudad de Loja.<br \/>\nAgradecemos el coraz\u00f3n bondadoso de nuestros auspiciantes y de los mejores instructores de bailoterapia, aer\u00f3bicos y zumba strong, de Loja y Zamora por su apoyo sensible.<\/p>\n<p dir=\"ltr\">Adquiere tus entradas en las instalaciones de la Fundaci\u00f3n J.M Contigo (18 de noviembre entre Juan de Salinas y Jos\u00e9 F\u00e9lix)\u00a0 o al n\u00famero 0993990074.<\/p>\n<p dir=\"ltr\">www.lodelmomentoloja.com<br \/>\n#LDMnoticias #lodelmomentolojaLDM<\/p>\n","protected":false},"excerpt":{"rendered":"<p>\ud83d\udc68\u200d\ud83d\udc69\u200d\ud83d\udc67\u200d\ud83d\udc67\ud83d\udd7a\ud83c\udffb\ud83d\udcaa\ud83c\udffb\u00a1La familia con el deporte! A trav\u00e9s de una rueda de prensa con medios de&#8230;<\/p>\n","protected":false},"author":1,"featured_media":16333,"comment_status":"open","ping_status":"open","sticky":false,"template":"","format":"standard","meta":{"footnotes":""},"categories":[1,5],"tags":[],"class_list":["post-16332","post","type-post","status-publish","format-standard","has-post-thumbnail","hentry","category-inicio","category-loja"],"_links":{"self":[{"href":"https:\/\/www.lodelmomentoloja.com\/index.php?rest_route=\/wp\/v2\/posts\/16332"}],"collection":[{"href":"https:\/\/www.lodelmomentoloja.com\/index.php?rest_route=\/wp\/v2\/posts"}],"about":[{"href":"https:\/\/www.lodelmomentoloja.com\/index.php?rest_route=\/wp\/v2\/types\/post"}],"author":[{"embeddable":true,"href":"https:\/\/www.lodelmomentoloja.com\/index.php?rest_route=\/wp\/v2\/users\/1"}],"replies":[{"embeddable":true,"href":"https:\/\/www.lodelmomentoloja.com\/index.php?rest_route=%2Fwp%2Fv2%2Fcomments&post=16332"}],"version-history":[{"count":1,"href":"https:\/\/www.lodelmomentoloja.com\/index.php?rest_route=\/wp\/v2\/posts\/16332\/revisions"}],"predecessor-version":[{"id":16334,"href":"https:\/\/www.lodelmomentoloja.com\/index.php?rest_route=\/wp\/v2\/posts\/16332\/revisions\/16334"}],"wp:featuredmedia":[{"embeddable":true,"href":"https:\/\/www.lodelmomentoloja.com\/index.php?rest_route=\/wp\/v2\/media\/16333"}],"wp:attachment":[{"href":"https:\/\/www.lodelmomentoloja.com\/index.php?rest_route=%2Fwp%2Fv2%2Fmedia&parent=16332"}],"wp:term":[{"taxonomy":"category","embeddable":true,"href":"https:\/\/www.lodelmomentoloja.com\/index.php?rest_route=%2Fwp%2Fv2%2Fcategories&post=16332"},{"taxonomy":"post_tag","embeddable":true,"href":"https:\/\/www.lodelmomentoloja.com\/index.php?rest_route=%2Fwp%2Fv2%2Ftags&post=16332"}],"curies":[{"name":"wp","href":"https:\/\/api.w.org\/{rel}","templated":true}]}}