{"id":16313,"date":"2023-06-21T17:56:39","date_gmt":"2023-06-21T17:56:39","guid":{"rendered":"https:\/\/www.lodelmomentoloja.com\/?p=16313"},"modified":"2023-06-21T22:57:56","modified_gmt":"2023-06-21T22:57:56","slug":"desfile-lgbti-no-tiene-permisos-en-gye","status":"publish","type":"post","link":"https:\/\/www.lodelmomentoloja.com\/?p=16313","title":{"rendered":"Desfile LGBTI+ no tiene permisos en GYE"},"content":{"rendered":"<p dir=\"ltr\">\ud83d\ude31\ud83d\udeab\ud83c\udff3\ufe0f\u200d\ud83c\udf08 \u00a1No al desfile! El desfile de la marcha del orgullo LGBTIQ + previsto para el s\u00e1bado 1 de julio pr\u00f3ximo no recibi\u00f3 el aval de la Municipalidad de Guayaquil, que est\u00e1 bajo la administraci\u00f3n de Aquiles Alvarez.<\/p>\n<p dir=\"ltr\">Mar\u00eda Bel\u00e9n Zambrano, Jefa de Ocupaci\u00f3n de la V\u00eda P\u00fablica, consider\u00f3 \u201cno autorizar la ocupaci\u00f3n de la v\u00eda p\u00fablica para realizar el evento en menci\u00f3n\u201d, indica el oficio enviado el martes 20 de junio de 2023, v\u00eda correo electr\u00f3nico a la Asociaci\u00f3n Silueta X.<\/p>\n<p dir=\"ltr\">La funcionaria indica que Manolo Agurto Carpio, director de control de tr\u00e1nsito de la Empresa P\u00fablica Municipal de Tr\u00e1nsito y Movilidad de Guayaquil, determin\u00f3 que era \u201cno procedente debido al gran impacto que genera al tr\u00e1nsito vehicular\u201d.<\/p>\n<p dir=\"ltr\">El oficio se\u00f1ala que la ruta planteada desde el Malec\u00f3n, a la altura de la Bah\u00eda, y continuar por la avenida Nueve de Octubre hasta el Parque Centenario, es en sentido contrario al que tiene la \u00faltima v\u00eda mencionada.<\/p>\n<p dir=\"ltr\">Incluso en el documento se sugiere que la marcha se haga a lo largo de la avenida Paseo del Parque del Parque Samanes, en el norte de la ciudad.<\/p>\n<p dir=\"ltr\">\u201cEn caso de estar de acuerdo con la sugerencia planteada por la Empresa P\u00fablica Municipal de Tr\u00e1nsito y Movilidad de Guayaquil\u201d, relata Zambrano, se \u201cdeber\u00e1 ingresar un nuevo requerimiento\u201d.<\/p>\n<p dir=\"ltr\">La carta con la negaci\u00f3n del permiso fue dirigida a Diane Rodr\u00edguez, presidenta de la C\u00e1mara LGBTI de Comercio y Turismo del Ecuador.<\/p>\n<p dir=\"ltr\">www.lodelmomentoloja.com<br \/>\n#LDMnoticias#lodelmomentolojaLDM<\/p>\n","protected":false},"excerpt":{"rendered":"<p>\ud83d\ude31\ud83d\udeab\ud83c\udff3\ufe0f\u200d\ud83c\udf08 \u00a1No al desfile! El desfile de la marcha del orgullo LGBTIQ + previsto para&#8230;<\/p>\n","protected":false},"author":1,"featured_media":16314,"comment_status":"open","ping_status":"open","sticky":false,"template":"","format":"standard","meta":{"footnotes":""},"categories":[7,1],"tags":[],"class_list":["post-16313","post","type-post","status-publish","format-standard","has-post-thumbnail","hentry","category-ecuador","category-inicio"],"_links":{"self":[{"href":"https:\/\/www.lodelmomentoloja.com\/index.php?rest_route=\/wp\/v2\/posts\/16313"}],"collection":[{"href":"https:\/\/www.lodelmomentoloja.com\/index.php?rest_route=\/wp\/v2\/posts"}],"about":[{"href":"https:\/\/www.lodelmomentoloja.com\/index.php?rest_route=\/wp\/v2\/types\/post"}],"author":[{"embeddable":true,"href":"https:\/\/www.lodelmomentoloja.com\/index.php?rest_route=\/wp\/v2\/users\/1"}],"replies":[{"embeddable":true,"href":"https:\/\/www.lodelmomentoloja.com\/index.php?rest_route=%2Fwp%2Fv2%2Fcomments&post=16313"}],"version-history":[{"count":1,"href":"https:\/\/www.lodelmomentoloja.com\/index.php?rest_route=\/wp\/v2\/posts\/16313\/revisions"}],"predecessor-version":[{"id":16315,"href":"https:\/\/www.lodelmomentoloja.com\/index.php?rest_route=\/wp\/v2\/posts\/16313\/revisions\/16315"}],"wp:featuredmedia":[{"embeddable":true,"href":"https:\/\/www.lodelmomentoloja.com\/index.php?rest_route=\/wp\/v2\/media\/16314"}],"wp:attachment":[{"href":"https:\/\/www.lodelmomentoloja.com\/index.php?rest_route=%2Fwp%2Fv2%2Fmedia&parent=16313"}],"wp:term":[{"taxonomy":"category","embeddable":true,"href":"https:\/\/www.lodelmomentoloja.com\/index.php?rest_route=%2Fwp%2Fv2%2Fcategories&post=16313"},{"taxonomy":"post_tag","embeddable":true,"href":"https:\/\/www.lodelmomentoloja.com\/index.php?rest_route=%2Fwp%2Fv2%2Ftags&post=16313"}],"curies":[{"name":"wp","href":"https:\/\/api.w.org\/{rel}","templated":true}]}}