{"id":16294,"date":"2023-06-21T09:00:01","date_gmt":"2023-06-21T09:00:01","guid":{"rendered":"https:\/\/www.lodelmomentoloja.com\/?p=16294"},"modified":"2023-06-21T15:04:30","modified_gmt":"2023-06-21T15:04:30","slug":"administracion-del-alcalde-quezada-buscara-solucion-a-jardines-de-punzara","status":"publish","type":"post","link":"https:\/\/www.lodelmomentoloja.com\/?p=16294","title":{"rendered":"Administraci\u00f3n del alcalde Quezada buscar\u00e1 soluci\u00f3n a Jardines de Punzara."},"content":{"rendered":"<div class=\"x11i5rnm xat24cr x1mh8g0r x1vvkbs xtlvy1s x126k92a\">\n<div dir=\"auto\">La actual administraci\u00f3n, luego de cumplir un mes desde el inicio de su gesti\u00f3n, realiz\u00f3 una invitaci\u00f3n p\u00fablica este martes 20 de junio 2020 a los beneficiarios del proyecto de vivienda Jardines de Punzara, mismo que se encuentra estancado por las malas decisiones que han tomado directivos y administradores que han estado al frente de la Empresa P\u00fablica Municipal de Vivienda del Municipio de Loja, esto, en busca de encontrar una soluci\u00f3n a las familias que no se les ha cumplido con lo ofrecido por sus dineros entregados.<\/div>\n<div dir=\"auto\"><\/div>\n<\/div>\n<div dir=\"auto\">En ese sentido, se llev\u00f3 una reuni\u00f3n ampliada desde el sal\u00f3n del Cabildo con los adjudicatarios en la que estuvo presente el alcalde de Loja Franco Quezada, aqu\u00ed, enfatiz\u00f3 que aspiran ver el m\u00e9todo para dar una respuesta a esta problem\u00e1tica, &#8220;No les vamos abandonar. Buscaremos todas las formas para hacer que se cristalicen sus viviendas&#8221;, expuso burgomaestre y presidente del directorio del VIVEM EP.<\/div>\n<div dir=\"auto\"><\/div>\n<div dir=\"auto\"><img loading=\"lazy\" decoding=\"async\" class=\"alignnone wp-image-16296 size-large\" src=\"http:\/\/www.lodelmomentoloja.com\/wp-content\/uploads\/2023\/06\/dewq-1024x704.jpg\" alt=\"\" width=\"640\" height=\"440\" srcset=\"https:\/\/www.lodelmomentoloja.com\/wp-content\/uploads\/2023\/06\/dewq-1024x704.jpg 1024w, https:\/\/www.lodelmomentoloja.com\/wp-content\/uploads\/2023\/06\/dewq-300x206.jpg 300w, https:\/\/www.lodelmomentoloja.com\/wp-content\/uploads\/2023\/06\/dewq-768x528.jpg 768w, https:\/\/www.lodelmomentoloja.com\/wp-content\/uploads\/2023\/06\/dewq-640x440.jpg 640w, https:\/\/www.lodelmomentoloja.com\/wp-content\/uploads\/2023\/06\/dewq-1536x1056.jpg 1536w, https:\/\/www.lodelmomentoloja.com\/wp-content\/uploads\/2023\/06\/dewq.jpg 1737w\" sizes=\"(max-width: 640px) 100vw, 640px\" \/><\/div>\n<div dir=\"auto\"><\/div>\n<div class=\"x11i5rnm xat24cr x1mh8g0r x1vvkbs xtlvy1s x126k92a\">\n<div dir=\"auto\">La autoridad cantonal despej\u00f3 las inquietudes de los asistentes. Al finalizar la reuni\u00f3n se decidi\u00f3 conformar una comisi\u00f3n integrada con t\u00e9cnicos municipales y beneficiarios para avanzar en la gesti\u00f3n.<\/div>\n<div dir=\"auto\"><\/div>\n<div dir=\"auto\"><img loading=\"lazy\" decoding=\"async\" class=\"alignnone wp-image-16297 size-large\" src=\"http:\/\/www.lodelmomentoloja.com\/wp-content\/uploads\/2023\/06\/gfdsea-1024x704.jpg\" alt=\"\" width=\"640\" height=\"440\" srcset=\"https:\/\/www.lodelmomentoloja.com\/wp-content\/uploads\/2023\/06\/gfdsea-1024x704.jpg 1024w, https:\/\/www.lodelmomentoloja.com\/wp-content\/uploads\/2023\/06\/gfdsea-300x206.jpg 300w, https:\/\/www.lodelmomentoloja.com\/wp-content\/uploads\/2023\/06\/gfdsea-768x528.jpg 768w, https:\/\/www.lodelmomentoloja.com\/wp-content\/uploads\/2023\/06\/gfdsea-640x440.jpg 640w, https:\/\/www.lodelmomentoloja.com\/wp-content\/uploads\/2023\/06\/gfdsea-1536x1056.jpg 1536w, https:\/\/www.lodelmomentoloja.com\/wp-content\/uploads\/2023\/06\/gfdsea.jpg 1737w\" sizes=\"(max-width: 640px) 100vw, 640px\" \/><\/div>\n<div dir=\"auto\">\n\u00bfSer\u00e1 que se logra consolidar el sue\u00f1o de los lojanos que creyeron en el Municipio de Loja en administraciones pasadas?<\/p>\n<p><em>S\u00edguenos #LDMnoticias #lodelmomentolojaLDM<\/em><\/div>\n<\/div>\n","protected":false},"excerpt":{"rendered":"<p>La actual administraci\u00f3n, luego de cumplir un mes desde el inicio de su gesti\u00f3n, realiz\u00f3&#8230;<\/p>\n","protected":false},"author":1,"featured_media":16295,"comment_status":"open","ping_status":"open","sticky":false,"template":"","format":"standard","meta":{"footnotes":""},"categories":[1,5],"tags":[],"class_list":["post-16294","post","type-post","status-publish","format-standard","has-post-thumbnail","hentry","category-inicio","category-loja"],"_links":{"self":[{"href":"https:\/\/www.lodelmomentoloja.com\/index.php?rest_route=\/wp\/v2\/posts\/16294"}],"collection":[{"href":"https:\/\/www.lodelmomentoloja.com\/index.php?rest_route=\/wp\/v2\/posts"}],"about":[{"href":"https:\/\/www.lodelmomentoloja.com\/index.php?rest_route=\/wp\/v2\/types\/post"}],"author":[{"embeddable":true,"href":"https:\/\/www.lodelmomentoloja.com\/index.php?rest_route=\/wp\/v2\/users\/1"}],"replies":[{"embeddable":true,"href":"https:\/\/www.lodelmomentoloja.com\/index.php?rest_route=%2Fwp%2Fv2%2Fcomments&post=16294"}],"version-history":[{"count":1,"href":"https:\/\/www.lodelmomentoloja.com\/index.php?rest_route=\/wp\/v2\/posts\/16294\/revisions"}],"predecessor-version":[{"id":16298,"href":"https:\/\/www.lodelmomentoloja.com\/index.php?rest_route=\/wp\/v2\/posts\/16294\/revisions\/16298"}],"wp:featuredmedia":[{"embeddable":true,"href":"https:\/\/www.lodelmomentoloja.com\/index.php?rest_route=\/wp\/v2\/media\/16295"}],"wp:attachment":[{"href":"https:\/\/www.lodelmomentoloja.com\/index.php?rest_route=%2Fwp%2Fv2%2Fmedia&parent=16294"}],"wp:term":[{"taxonomy":"category","embeddable":true,"href":"https:\/\/www.lodelmomentoloja.com\/index.php?rest_route=%2Fwp%2Fv2%2Fcategories&post=16294"},{"taxonomy":"post_tag","embeddable":true,"href":"https:\/\/www.lodelmomentoloja.com\/index.php?rest_route=%2Fwp%2Fv2%2Ftags&post=16294"}],"curies":[{"name":"wp","href":"https:\/\/api.w.org\/{rel}","templated":true}]}}