{"id":16223,"date":"2023-06-16T11:00:27","date_gmt":"2023-06-16T11:00:27","guid":{"rendered":"https:\/\/www.lodelmomentoloja.com\/?p=16223"},"modified":"2023-06-16T16:29:10","modified_gmt":"2023-06-16T16:29:10","slug":"concurso-de-oratoria-y-eco-clip-ambiental-2023","status":"publish","type":"post","link":"https:\/\/www.lodelmomentoloja.com\/?p=16223","title":{"rendered":"CONCURSO DE ORATORIA Y ECO CLIP AMBIENTAL 2023."},"content":{"rendered":"<p>Talento, creatividad y mucho entusiasmo reflejaron los participantes en el Primer Concurso de Oratoria y Eco &#8211; Clip Ambiental, que se realiz\u00f3 hoy en el Teatro \u201cSim\u00f3n Bol\u00edvar\u201d de la ciudad de Loja. El evento cont\u00f3 con la participaci\u00f3n de delegaciones de estudiantes de establecimientos de la ciudad, como parte de la Agenda Interinstitucional por el D\u00eda Mundial del Medio Ambiente, organizada por el Ministerio del Ambiente, Agua y Transici\u00f3n Ecol\u00f3gica, la Universidad T\u00e9cnica Particular de Loja, la Prefectura de Loja y el Municipio de Loja.<\/p>\n<p>En la apertura del evento, el Director Zonal 7 del Ministerio del Ambiente, Agua y Transici\u00f3n Ecol\u00f3gica, Sergio Cordero, dio la bienvenida a los asistentes, resaltando el compromiso de seguir trabajando por la educaci\u00f3n ambiental en la provincia. Juli\u00e1n Garc\u00eda, Director de Gesti\u00f3n Ambiental del Gobierno Provincial de Loja, destac\u00f3 el trabajo en conjunto con las instituciones para la cristalizaci\u00f3n de este tipo de eventos de concientizaci\u00f3n ambiental. Finalmente, Orlando S\u00e1nchez, Jefe de Gesti\u00f3n Ambiental del GAD de Loja, felicito a las unidades educativas por su participaci\u00f3n.<\/p>\n<p>El jurado calificador para el concurso de oratoria ambiental estuvo integrado por representantes del Ministerio de Educaci\u00f3n, Foro de Oradores, Casa de la Cultura Ecuatoriana \u2013 N\u00facleo de Loja y la organizaci\u00f3n Ecol\u00edderes \u201cLa Cascarilla\u201d. Representantes del Museo Casa de la Cultura Lojana, Empresa Ecuamedios e Ingenier\u00eda Ambiental de la UTPL, lo integr\u00f3 el jurado calificador para el concurso del eco \u2013 clip ambiental.<\/p>\n<p>&nbsp;<\/p>\n<p><strong>GANADORES\u00a0\u00a0\u00a0\u00a0\u00a0\u00a0\u00a0\u00a0\u00a0\u00a0\u00a0\u00a0\u00a0\u00a0\u00a0\u00a0\u00a0\u00a0\u00a0\u00a0\u00a0\u00a0\u00a0\u00a0\u00a0\u00a0\u00a0\u00a0\u00a0\u00a0\u00a0\u00a0\u00a0\u00a0\u00a0\u00a0\u00a0\u00a0\u00a0\u00a0\u00a0\u00a0\u00a0\u00a0\u00a0\u00a0\u00a0\u00a0\u00a0\u00a0\u00a0\u00a0\u00a0\u00a0\u00a0\u00a0\u00a0\u00a0\u00a0\u00a0\u00a0\u00a0\u00a0\u00a0\u00a0\u00a0\u00a0\u00a0\u00a0\u00a0\u00a0\u00a0\u00a0\u00a0\u00a0\u00a0\u00a0\u00a0\u00a0\u00a0\u00a0\u00a0\u00a0\u00a0\u00a0\u00a0\u00a0\u00a0\u00a0\u00a0\u00a0\u00a0\u00a0\u00a0\u00a0\u00a0\u00a0\u00a0\u00a0\u00a0\u00a0\u00a0\u00a0\u00a0\u00a0\u00a0\u00a0\u00a0\u00a0\u00a0\u00a0\u00a0\u00a0\u00a0\u00a0\u00a0\u00a0 <\/strong><\/p>\n<p><strong>ORATORIA AMBIENTAL<\/strong> Primer lugar: Mar\u00eda Alejandra Monje (Escuela Municipal \u201cDr. \u00c1ngel Felic\u00edsimo Rojas\u201d. Segundo lugar: Dilan Sebasti\u00e1n Paredes (Escuela Municipal Ecol\u00f3gica) y el Tercer lugar: Mar\u00eda Paula Sant\u00edn Su\u00e1rez Sant\u00edn de la Unidad Educativa \u201cMater Dei\u201d.<\/p>\n<p><strong>ECO CLIP AMBIENTAL:<\/strong> Primer lugar: Colegio de Bachillerato \u201cBeatriz Cueva de Ayora\u201d; Segundo lugar: Ecol\u00edderes \u201cLa Cascarilla\u201d y el Tercer Lugar: Unidad Educativa \u201cMater Dei\u201d.<\/p>\n<p>Dentro de la programaci\u00f3n, se realiz\u00f3 un reconocimiento a la Carrera de Ingenier\u00eda Ambiental de la Universidad Nacional de Loja por conmemorar sus 25 a\u00f1os de creaci\u00f3n. La entrega la hizo Juli\u00e1n Garc\u00eda, director de Gesti\u00f3n Ambiental de la Prefectura de Loja a Katiuska Valarezo, directora de la Carrera. As\u00ed mismo, se entreg\u00f3 una placa a los ganadores del Reciclat\u00f3n 2023 Primer lugar: \u201cLa Inmaculada\u201d Segundo lugar: \u201c27 de Febrero\u201d y el Tercer lugar para la Unidad Educativa \u201cMiguel \u00c1ngel Su\u00e1rez\u201d.<\/p>\n<p>Al final, se hizo un merecido reconocimiento a las marcas auspiciantes que aportaron con sus incentivos y premios a los concursantes.<\/p>\n<p><img loading=\"lazy\" decoding=\"async\" class=\"alignnone wp-image-16224 \" src=\"http:\/\/www.lodelmomentoloja.com\/wp-content\/uploads\/2023\/06\/Sin-titulo-1.jpg\" alt=\"\" width=\"860\" height=\"527\" srcset=\"https:\/\/www.lodelmomentoloja.com\/wp-content\/uploads\/2023\/06\/Sin-titulo-1.jpg 1541w, https:\/\/www.lodelmomentoloja.com\/wp-content\/uploads\/2023\/06\/Sin-titulo-1-300x184.jpg 300w, https:\/\/www.lodelmomentoloja.com\/wp-content\/uploads\/2023\/06\/Sin-titulo-1-1024x627.jpg 1024w, https:\/\/www.lodelmomentoloja.com\/wp-content\/uploads\/2023\/06\/Sin-titulo-1-768x470.jpg 768w, https:\/\/www.lodelmomentoloja.com\/wp-content\/uploads\/2023\/06\/Sin-titulo-1-640x392.jpg 640w, https:\/\/www.lodelmomentoloja.com\/wp-content\/uploads\/2023\/06\/Sin-titulo-1-1536x941.jpg 1536w\" sizes=\"(max-width: 860px) 100vw, 860px\" \/><\/p>\n<p>S\u00edguenos #LDMnoticias #lodelmomentolojaLDM<\/p>\n","protected":false},"excerpt":{"rendered":"<p>Talento, creatividad y mucho entusiasmo reflejaron los participantes en el Primer Concurso de Oratoria y&#8230;<\/p>\n","protected":false},"author":1,"featured_media":16225,"comment_status":"open","ping_status":"open","sticky":false,"template":"","format":"standard","meta":{"footnotes":""},"categories":[1,5],"tags":[],"class_list":["post-16223","post","type-post","status-publish","format-standard","has-post-thumbnail","hentry","category-inicio","category-loja"],"_links":{"self":[{"href":"https:\/\/www.lodelmomentoloja.com\/index.php?rest_route=\/wp\/v2\/posts\/16223"}],"collection":[{"href":"https:\/\/www.lodelmomentoloja.com\/index.php?rest_route=\/wp\/v2\/posts"}],"about":[{"href":"https:\/\/www.lodelmomentoloja.com\/index.php?rest_route=\/wp\/v2\/types\/post"}],"author":[{"embeddable":true,"href":"https:\/\/www.lodelmomentoloja.com\/index.php?rest_route=\/wp\/v2\/users\/1"}],"replies":[{"embeddable":true,"href":"https:\/\/www.lodelmomentoloja.com\/index.php?rest_route=%2Fwp%2Fv2%2Fcomments&post=16223"}],"version-history":[{"count":1,"href":"https:\/\/www.lodelmomentoloja.com\/index.php?rest_route=\/wp\/v2\/posts\/16223\/revisions"}],"predecessor-version":[{"id":16226,"href":"https:\/\/www.lodelmomentoloja.com\/index.php?rest_route=\/wp\/v2\/posts\/16223\/revisions\/16226"}],"wp:featuredmedia":[{"embeddable":true,"href":"https:\/\/www.lodelmomentoloja.com\/index.php?rest_route=\/wp\/v2\/media\/16225"}],"wp:attachment":[{"href":"https:\/\/www.lodelmomentoloja.com\/index.php?rest_route=%2Fwp%2Fv2%2Fmedia&parent=16223"}],"wp:term":[{"taxonomy":"category","embeddable":true,"href":"https:\/\/www.lodelmomentoloja.com\/index.php?rest_route=%2Fwp%2Fv2%2Fcategories&post=16223"},{"taxonomy":"post_tag","embeddable":true,"href":"https:\/\/www.lodelmomentoloja.com\/index.php?rest_route=%2Fwp%2Fv2%2Ftags&post=16223"}],"curies":[{"name":"wp","href":"https:\/\/api.w.org\/{rel}","templated":true}]}}