{"id":16202,"date":"2023-06-15T12:23:55","date_gmt":"2023-06-15T12:23:55","guid":{"rendered":"https:\/\/www.lodelmomentoloja.com\/?p=16202"},"modified":"2023-06-15T17:31:00","modified_gmt":"2023-06-15T17:31:00","slug":"ruta-quito-cancun-se-habilita-por-avianca","status":"publish","type":"post","link":"https:\/\/www.lodelmomentoloja.com\/?p=16202","title":{"rendered":"Ruta Quito &#8211; Canc\u00fan se habilita por Avianca"},"content":{"rendered":"<p dir=\"ltr\">\ud83c\uddea\ud83c\udde8\ud83d\udeeb\ud83c\uddf2\ud83c\uddfd \u00a1Ruta inaugurada! Con un arco de agua fue despedido el primer vuelo (directo) que parti\u00f3 este jueves desde Quito a Canc\u00fan, por parte de la empresa Avianca. La empresa a\u00e9rea tendr\u00e1 inicialmente tres vuelos semanales a ese destino mexicano.<\/p>\n<p dir=\"ltr\">Personeros de la aerol\u00ednea y del aeropuerto realizaron un evento como parte de la inauguraci\u00f3n de la ruta. All\u00ed hubo un corte de cinta Sebasti\u00e1n Nader, gerente del aeropuerto de Quito, resalt\u00f3 la importancia del trabajo colaborativo entre Avianca y Quiport, que permite la creaci\u00f3n de 180 puestos de trabajo.<\/p>\n<p dir=\"ltr\">Adem\u00e1s, destac\u00f3 la relevancia del aumento de la conectividad a\u00e9rea en Quito.<\/p>\n<p dir=\"ltr\">La oferta entre Quito y Canc\u00fan tambi\u00e9n se ampliar\u00e1 con vuelos que comenzar\u00e1 a operar desde ma\u00f1ana la aerol\u00ednea Viva Aerob\u00fas.<\/p>\n<p dir=\"ltr\">\u201cEste esfuerzo conjunto por desarrollar nuevas rutas directas desde Quito est\u00e1 enmarcado en una estrategia general orientada a brindar una mayor oferta de conectividad de la ciudad y del pa\u00eds en beneficio del turismo\u201d, dijo Ram\u00f3n Mir\u00f3, presidente y director general de Quiport.<\/p>\n<p dir=\"ltr\">V\u00eda: El Universo.<\/p>\n<p dir=\"ltr\">www.lodelmomentoloja.com<\/p>\n<p dir=\"ltr\">#LDMnoticias #lodelmomentolojaLDM<\/p>\n","protected":false},"excerpt":{"rendered":"<p>\ud83c\uddea\ud83c\udde8\ud83d\udeeb\ud83c\uddf2\ud83c\uddfd \u00a1Ruta inaugurada! Con un arco de agua fue despedido el primer vuelo (directo) que&#8230;<\/p>\n","protected":false},"author":1,"featured_media":16203,"comment_status":"open","ping_status":"open","sticky":false,"template":"","format":"standard","meta":{"footnotes":""},"categories":[7,1,4],"tags":[],"class_list":["post-16202","post","type-post","status-publish","format-standard","has-post-thumbnail","hentry","category-ecuador","category-inicio","category-internacional"],"_links":{"self":[{"href":"https:\/\/www.lodelmomentoloja.com\/index.php?rest_route=\/wp\/v2\/posts\/16202"}],"collection":[{"href":"https:\/\/www.lodelmomentoloja.com\/index.php?rest_route=\/wp\/v2\/posts"}],"about":[{"href":"https:\/\/www.lodelmomentoloja.com\/index.php?rest_route=\/wp\/v2\/types\/post"}],"author":[{"embeddable":true,"href":"https:\/\/www.lodelmomentoloja.com\/index.php?rest_route=\/wp\/v2\/users\/1"}],"replies":[{"embeddable":true,"href":"https:\/\/www.lodelmomentoloja.com\/index.php?rest_route=%2Fwp%2Fv2%2Fcomments&post=16202"}],"version-history":[{"count":1,"href":"https:\/\/www.lodelmomentoloja.com\/index.php?rest_route=\/wp\/v2\/posts\/16202\/revisions"}],"predecessor-version":[{"id":16204,"href":"https:\/\/www.lodelmomentoloja.com\/index.php?rest_route=\/wp\/v2\/posts\/16202\/revisions\/16204"}],"wp:featuredmedia":[{"embeddable":true,"href":"https:\/\/www.lodelmomentoloja.com\/index.php?rest_route=\/wp\/v2\/media\/16203"}],"wp:attachment":[{"href":"https:\/\/www.lodelmomentoloja.com\/index.php?rest_route=%2Fwp%2Fv2%2Fmedia&parent=16202"}],"wp:term":[{"taxonomy":"category","embeddable":true,"href":"https:\/\/www.lodelmomentoloja.com\/index.php?rest_route=%2Fwp%2Fv2%2Fcategories&post=16202"},{"taxonomy":"post_tag","embeddable":true,"href":"https:\/\/www.lodelmomentoloja.com\/index.php?rest_route=%2Fwp%2Fv2%2Ftags&post=16202"}],"curies":[{"name":"wp","href":"https:\/\/api.w.org\/{rel}","templated":true}]}}