{"id":16188,"date":"2023-06-14T18:46:46","date_gmt":"2023-06-14T18:46:46","guid":{"rendered":"https:\/\/www.lodelmomentoloja.com\/?p=16188"},"modified":"2023-06-14T23:48:48","modified_gmt":"2023-06-14T23:48:48","slug":"prision-por-violacion-a-menor-de-edad","status":"publish","type":"post","link":"https:\/\/www.lodelmomentoloja.com\/?p=16188","title":{"rendered":"Prisi\u00f3n por violaci\u00f3n a menor de edad"},"content":{"rendered":"<p>\ud83d\ude31\ud83d\udc6e\ud83c\udffb\u26d3\ufe0f \u00a1Tras las rejas! Tras 3 a\u00f1os de ocurrido el suceso, en 2019 se present\u00f3 una denuncia por la violaci\u00f3n a una ni\u00f1a. Hoy en d\u00eda la Fiscal\u00eda General del Estado proces\u00f3 al agresor y obtuvo una sentencia agravada en su contra, de 24 a\u00f1os de privaci\u00f3n de su libertad.<\/p>\n<p>Un Tribunal de Garant\u00edas Penales sustent\u00f3 su decisi\u00f3n en las pruebas presentadas durante el juicio, por el delito ocurrido en 2016.<\/p>\n<p>Adem\u00e1s, orden\u00f3 el pago de 10.000 d\u00f3lares por concepto de reparaci\u00f3n integral a la v\u00edctima y una multa de 800 salarios b\u00e1sicos del trabajador en general. Tambi\u00e9n dispuso medidas de protecci\u00f3n a favor de la v\u00edctima y sus familiares.<\/p>\n<p>www.lodelmomentoloja.com<br \/>\n#LDMnoticias #lodelmomentolojaLDM<\/p>\n","protected":false},"excerpt":{"rendered":"<p>\ud83d\ude31\ud83d\udc6e\ud83c\udffb\u26d3\ufe0f \u00a1Tras las rejas! Tras 3 a\u00f1os de ocurrido el suceso, en 2019 se present\u00f3&#8230;<\/p>\n","protected":false},"author":1,"featured_media":16189,"comment_status":"open","ping_status":"open","sticky":false,"template":"","format":"standard","meta":{"footnotes":""},"categories":[7,1],"tags":[],"class_list":["post-16188","post","type-post","status-publish","format-standard","has-post-thumbnail","hentry","category-ecuador","category-inicio"],"_links":{"self":[{"href":"https:\/\/www.lodelmomentoloja.com\/index.php?rest_route=\/wp\/v2\/posts\/16188"}],"collection":[{"href":"https:\/\/www.lodelmomentoloja.com\/index.php?rest_route=\/wp\/v2\/posts"}],"about":[{"href":"https:\/\/www.lodelmomentoloja.com\/index.php?rest_route=\/wp\/v2\/types\/post"}],"author":[{"embeddable":true,"href":"https:\/\/www.lodelmomentoloja.com\/index.php?rest_route=\/wp\/v2\/users\/1"}],"replies":[{"embeddable":true,"href":"https:\/\/www.lodelmomentoloja.com\/index.php?rest_route=%2Fwp%2Fv2%2Fcomments&post=16188"}],"version-history":[{"count":1,"href":"https:\/\/www.lodelmomentoloja.com\/index.php?rest_route=\/wp\/v2\/posts\/16188\/revisions"}],"predecessor-version":[{"id":16190,"href":"https:\/\/www.lodelmomentoloja.com\/index.php?rest_route=\/wp\/v2\/posts\/16188\/revisions\/16190"}],"wp:featuredmedia":[{"embeddable":true,"href":"https:\/\/www.lodelmomentoloja.com\/index.php?rest_route=\/wp\/v2\/media\/16189"}],"wp:attachment":[{"href":"https:\/\/www.lodelmomentoloja.com\/index.php?rest_route=%2Fwp%2Fv2%2Fmedia&parent=16188"}],"wp:term":[{"taxonomy":"category","embeddable":true,"href":"https:\/\/www.lodelmomentoloja.com\/index.php?rest_route=%2Fwp%2Fv2%2Fcategories&post=16188"},{"taxonomy":"post_tag","embeddable":true,"href":"https:\/\/www.lodelmomentoloja.com\/index.php?rest_route=%2Fwp%2Fv2%2Ftags&post=16188"}],"curies":[{"name":"wp","href":"https:\/\/api.w.org\/{rel}","templated":true}]}}