{"id":16150,"date":"2023-06-13T12:07:23","date_gmt":"2023-06-13T12:07:23","guid":{"rendered":"https:\/\/www.lodelmomentoloja.com\/?p=16150"},"modified":"2023-06-13T17:09:15","modified_gmt":"2023-06-13T17:09:15","slug":"centro-democratico-alista-candidatos-para-la-asamblea","status":"publish","type":"post","link":"https:\/\/www.lodelmomentoloja.com\/?p=16150","title":{"rendered":"Centro Democr\u00e1tico alista candidatos para la asamblea"},"content":{"rendered":"<p dir=\"ltr\">\ud83d\udfe01\ufe0f\u20e3\ud83d\udc65 \u00a1A la Asamblea! En la provincia de Loja, el movimiento Centro Democr\u00e1tico ha planteado a sus candidatos que participar\u00e1n en las elecciones anticipadas 2023 encabezados por Juan Andr\u00e9s Gonz\u00e1lez, adem\u00e1s, mediante un acto de presentaci\u00f3n han puntualizado que van con tres proyectos de ley listos en econom\u00eda, cultura y educaci\u00f3n.<\/p>\n<p dir=\"ltr\">Los nombres de los candidatos son:<\/p>\n<p dir=\"ltr\">Juan Andr\u00e9s Gonz\u00e1lez, primer candidato principal.<br \/>\nRosa D\u00edaz, primera alterna.<\/p>\n<p dir=\"ltr\">Maryori Correa, segunda candidata principal.<br \/>\nBryan Tenepaguay, segundo alterno.<\/p>\n<p dir=\"ltr\">Gonzalo Gonz\u00e1lez, Tercer candidato principal.<br \/>\nLuz Cuenca , tercera alterna<\/p>\n<p dir=\"ltr\">Alejandra Granda, cuarta candidata principal<br \/>\nMarco Valla, cuarto alterno.<\/p>\n<p dir=\"ltr\">www.lodelmomentoloja.com<br \/>\n#LDMnoticias #lodelmomentolojaLDM<\/p>\n","protected":false},"excerpt":{"rendered":"<p>\ud83d\udfe01\ufe0f\u20e3\ud83d\udc65 \u00a1A la Asamblea! En la provincia de Loja, el movimiento Centro Democr\u00e1tico ha planteado&#8230;<\/p>\n","protected":false},"author":1,"featured_media":16151,"comment_status":"open","ping_status":"open","sticky":false,"template":"","format":"standard","meta":{"footnotes":""},"categories":[1,5],"tags":[],"class_list":["post-16150","post","type-post","status-publish","format-standard","has-post-thumbnail","hentry","category-inicio","category-loja"],"_links":{"self":[{"href":"https:\/\/www.lodelmomentoloja.com\/index.php?rest_route=\/wp\/v2\/posts\/16150"}],"collection":[{"href":"https:\/\/www.lodelmomentoloja.com\/index.php?rest_route=\/wp\/v2\/posts"}],"about":[{"href":"https:\/\/www.lodelmomentoloja.com\/index.php?rest_route=\/wp\/v2\/types\/post"}],"author":[{"embeddable":true,"href":"https:\/\/www.lodelmomentoloja.com\/index.php?rest_route=\/wp\/v2\/users\/1"}],"replies":[{"embeddable":true,"href":"https:\/\/www.lodelmomentoloja.com\/index.php?rest_route=%2Fwp%2Fv2%2Fcomments&post=16150"}],"version-history":[{"count":1,"href":"https:\/\/www.lodelmomentoloja.com\/index.php?rest_route=\/wp\/v2\/posts\/16150\/revisions"}],"predecessor-version":[{"id":16152,"href":"https:\/\/www.lodelmomentoloja.com\/index.php?rest_route=\/wp\/v2\/posts\/16150\/revisions\/16152"}],"wp:featuredmedia":[{"embeddable":true,"href":"https:\/\/www.lodelmomentoloja.com\/index.php?rest_route=\/wp\/v2\/media\/16151"}],"wp:attachment":[{"href":"https:\/\/www.lodelmomentoloja.com\/index.php?rest_route=%2Fwp%2Fv2%2Fmedia&parent=16150"}],"wp:term":[{"taxonomy":"category","embeddable":true,"href":"https:\/\/www.lodelmomentoloja.com\/index.php?rest_route=%2Fwp%2Fv2%2Fcategories&post=16150"},{"taxonomy":"post_tag","embeddable":true,"href":"https:\/\/www.lodelmomentoloja.com\/index.php?rest_route=%2Fwp%2Fv2%2Ftags&post=16150"}],"curies":[{"name":"wp","href":"https:\/\/api.w.org\/{rel}","templated":true}]}}