{"id":16063,"date":"2023-06-07T16:09:26","date_gmt":"2023-06-07T16:09:26","guid":{"rendered":"https:\/\/www.lodelmomentoloja.com\/?p=16063"},"modified":"2023-06-07T21:11:13","modified_gmt":"2023-06-07T21:11:13","slug":"bunker-de-la-comunicacion-digital","status":"publish","type":"post","link":"https:\/\/www.lodelmomentoloja.com\/?p=16063","title":{"rendered":"&#8216;B\u00fanker de la comunicaci\u00f3n digital&#8217;"},"content":{"rendered":"<p>En la actualidad, el mundo se mueve a pasos agigantados, lo que exige nuevas habilidades y destrezas para comprender de mejor manera la din\u00e1mica social.<\/p>\n<p>Frente a ello, la capacitaci\u00f3n y el aprendizaje continuo ayudan a actualizar conocimientos para responder de manera efectiva a los cambios y constantes transformaciones que ocurren en la sociedad.<\/p>\n<p>Ante los acelerados avances en el \u00e1mbito de la comunicaci\u00f3n, es crucial mantenerse informado de las nuevas tendencias para estar a la vanguardia y desarrollar nuevas capacidades que fortalezcan el perfil profesional en un contexto cada vez m\u00e1s competitivo y digitalizado.<\/p>\n<p>Para responder a esta necesidad, la Universidad T\u00e9cnica Particular de Loja (UTPL), a trav\u00e9s de la carrera de Comunicaci\u00f3n, organiza el evento \u2018B\u00fanker de la Comunicaci\u00f3n Digital\u2019, mismo que consiste en una serie de conferencias en el \u00e1mbito de la Educomunicaci\u00f3n, Comunicaci\u00f3n Estrat\u00e9gica, Comunicaci\u00f3n Digital, Inteligencia Artificial, entre otros temas de vital importancia en la \u00e9poca moderna.<\/p>\n<p>Catalina Mier Sanmart\u00edn, coordinadora del Observatorio de Comunicaci\u00f3n de la UTPL, manifiesta que esta actividad gratuita forma parte de una serie de eventos que la carrera de Comunicaci\u00f3n tiene previsto desarrollar en el este mes de junio, los cuales est\u00e1n dirigidos a estudiantes, docentes, investigadores, periodistas, relacionistas p\u00fablicos y dem\u00e1s grupos involucrados en el sector de la comunicaci\u00f3n.<\/p>\n<p>Explica que estos conversatorios se desarrollar\u00e1n en las ciudades de Loja, Cuenca y Quito, y contar\u00e1n con la intervenci\u00f3n de docentes de Comunicaci\u00f3n de la UTPL y de dos reconocidos expositores: Gabriel Kapl\u00fan, docente e investigador de la Universidad de la Rep\u00fablica (Uruguay) y Almudena Barrientos, docente de la Universidad Complutense de Madrid (Espa\u00f1a), quienes tienen previsto cumplir con las siguientes tem\u00e1ticas, bajo la agenda expuesta a continuaci\u00f3n:<\/p>\n<ul>\n<li><strong>Internet y democracia: pr\u00e1cticas de manipulaci\u00f3n y participaci\u00f3n<\/strong><\/li>\n<\/ul>\n<p><strong>Jueves, 8 de junio, 17:00 (Loja)<\/strong><\/p>\n<p>Expositores: Gabriel Kapl\u00fan, Ana Mar\u00eda Beltr\u00e1n y Mar\u00eda del Roc\u00edo Coronel.<\/p>\n<p><strong>S\u00e1bado, 10 de junio, 10:00 (Quito)<\/strong><\/p>\n<p>Expositores: Gabriel Kapl\u00fan, Ana Mar\u00eda Beltr\u00e1n y M\u00f3nica Maruri.<\/p>\n<ul>\n<li><strong>Divulgaci\u00f3n cient\u00edfica postpandemia<\/strong><\/li>\n<\/ul>\n<p><strong>Lunes, 26 de junio, 17:00 (Quito)<\/strong><\/p>\n<p>Expositores: Almudena Barrientos y Ver\u00f3nica Altamirano.<\/p>\n<ul>\n<li><strong>Inteligencia artificial y planificaci\u00f3n de comunicaci\u00f3n estrat\u00e9gica<\/strong><\/li>\n<\/ul>\n<p><strong>Martes, 27 de junio, 17:00 (Cuenca)<\/strong><\/p>\n<p>Expositores: Almudena Barrientos y Ver\u00f3nica Altamirano.<\/p>\n<p><strong>Mi\u00e9rcoles, 28 de junio, 17:00 (Loja)<\/strong><\/p>\n<p>Expositora: Almudena Barrientos.<\/p>\n<p>Para Catalina Mier, capacitarse en estos temas es fundamental, ya que permite que los periodistas y comunicadores adquieran nuevas habilidades y competencias que son imprescindibles en un mundo altamente digitalizado e interconectado.<\/p>\n<p>Agrega que como Observatorio de Comunicaci\u00f3n de la UTPL trabajan articuladamente con los cuatro grupos de investigaci\u00f3n con los que cuenta la carrera de Comunicaci\u00f3n: Comunicaci\u00f3n Estrat\u00e9gica; Comunicaci\u00f3n, Poder y Ciudadan\u00eda en Red; Comunicaci\u00f3n y Cultura Audiovisual; y Comunicaci\u00f3n, Educaci\u00f3n y Tecnolog\u00eda.<\/p>\n<p>A trav\u00e9s de estos grupos, la universidad aporta a la sociedad con informaci\u00f3n de valor en diferentes temas, constituy\u00e9ndose en un polo de generaci\u00f3n de conocimiento para la toma de decisiones. Adem\u00e1s de ello, emplea estos espacios para la formaci\u00f3n de profesionales comprometidos con el oficio, con esp\u00edritu innovador y conocedores de la realidad comunicacional que vive el pa\u00eds.<\/p>\n<p><strong>Dato<\/strong><\/p>\n<p>Las personas interesadas en participar de las conferencias del \u2018B\u00fanker de la Comunicaci\u00f3n Digital\u2019 pueden registrar su asistencia a trav\u00e9s del siguiente enlace: eventos.utpl.edu.ec\/bunker-comunicacion<\/p>\n<p><img loading=\"lazy\" decoding=\"async\" class=\"alignnone size-medium wp-image-16065\" src=\"http:\/\/www.lodelmomentoloja.com\/wp-content\/uploads\/2023\/06\/IMG-20230607-WA0030-300x300.jpg\" alt=\"\" width=\"300\" height=\"300\" srcset=\"https:\/\/www.lodelmomentoloja.com\/wp-content\/uploads\/2023\/06\/IMG-20230607-WA0030-300x300.jpg 300w, https:\/\/www.lodelmomentoloja.com\/wp-content\/uploads\/2023\/06\/IMG-20230607-WA0030-150x150.jpg 150w, https:\/\/www.lodelmomentoloja.com\/wp-content\/uploads\/2023\/06\/IMG-20230607-WA0030-768x769.jpg 768w, https:\/\/www.lodelmomentoloja.com\/wp-content\/uploads\/2023\/06\/IMG-20230607-WA0030-640x641.jpg 640w, https:\/\/www.lodelmomentoloja.com\/wp-content\/uploads\/2023\/06\/IMG-20230607-WA0030.jpg 1023w\" sizes=\"(max-width: 300px) 100vw, 300px\" \/><\/p>\n<p>www.lodelmomentoloja.com<\/p>\n<p>#LDMnoticias #lodelmomentolojaLDM<\/p>\n","protected":false},"excerpt":{"rendered":"<p>En la actualidad, el mundo se mueve a pasos agigantados, lo que exige nuevas habilidades&#8230;<\/p>\n","protected":false},"author":1,"featured_media":16064,"comment_status":"open","ping_status":"open","sticky":false,"template":"","format":"standard","meta":{"footnotes":""},"categories":[7,1,5],"tags":[],"class_list":["post-16063","post","type-post","status-publish","format-standard","has-post-thumbnail","hentry","category-ecuador","category-inicio","category-loja"],"_links":{"self":[{"href":"https:\/\/www.lodelmomentoloja.com\/index.php?rest_route=\/wp\/v2\/posts\/16063"}],"collection":[{"href":"https:\/\/www.lodelmomentoloja.com\/index.php?rest_route=\/wp\/v2\/posts"}],"about":[{"href":"https:\/\/www.lodelmomentoloja.com\/index.php?rest_route=\/wp\/v2\/types\/post"}],"author":[{"embeddable":true,"href":"https:\/\/www.lodelmomentoloja.com\/index.php?rest_route=\/wp\/v2\/users\/1"}],"replies":[{"embeddable":true,"href":"https:\/\/www.lodelmomentoloja.com\/index.php?rest_route=%2Fwp%2Fv2%2Fcomments&post=16063"}],"version-history":[{"count":1,"href":"https:\/\/www.lodelmomentoloja.com\/index.php?rest_route=\/wp\/v2\/posts\/16063\/revisions"}],"predecessor-version":[{"id":16066,"href":"https:\/\/www.lodelmomentoloja.com\/index.php?rest_route=\/wp\/v2\/posts\/16063\/revisions\/16066"}],"wp:featuredmedia":[{"embeddable":true,"href":"https:\/\/www.lodelmomentoloja.com\/index.php?rest_route=\/wp\/v2\/media\/16064"}],"wp:attachment":[{"href":"https:\/\/www.lodelmomentoloja.com\/index.php?rest_route=%2Fwp%2Fv2%2Fmedia&parent=16063"}],"wp:term":[{"taxonomy":"category","embeddable":true,"href":"https:\/\/www.lodelmomentoloja.com\/index.php?rest_route=%2Fwp%2Fv2%2Fcategories&post=16063"},{"taxonomy":"post_tag","embeddable":true,"href":"https:\/\/www.lodelmomentoloja.com\/index.php?rest_route=%2Fwp%2Fv2%2Ftags&post=16063"}],"curies":[{"name":"wp","href":"https:\/\/api.w.org\/{rel}","templated":true}]}}