{"id":16045,"date":"2023-06-07T13:02:59","date_gmt":"2023-06-07T13:02:59","guid":{"rendered":"https:\/\/www.lodelmomentoloja.com\/?p=16045"},"modified":"2023-06-07T18:15:20","modified_gmt":"2023-06-07T18:15:20","slug":"segundo-festival-del-pasillo-lojano-2023","status":"publish","type":"post","link":"https:\/\/www.lodelmomentoloja.com\/?p=16045","title":{"rendered":"Segundo festival del pasillo lojano 2023"},"content":{"rendered":"<p>\ud83e\uddd1\ud83c\udffb\u200d\ud83c\udfa4\ud83c\udf99\ufe0f\ud83c\udfb8\u00a1Por segunda ocasi\u00f3n! El segundo festival anual del pasillo lojano se realizar\u00e1 con funciones p\u00fablicas a celebrarse el mes de Septiembre de 2023 y se prev\u00e9 que se realice en las instalaciones de los teatros Bol\u00edvar y Benjam\u00edn Carri\u00f3n. Los participantes deber\u00e1n ser mayores de 15 a\u00f1os y tendr\u00e1n que seguir algunas bases de dicho festival.<\/p>\n<p>Ver informaci\u00f3n detallada<\/p>\n<p>\ud83d\udc49\ud83c\udffc <strong>AGENDA DEL FESTIVAL:<\/strong><\/p>\n<ul>\n<li>Elaboraci\u00f3n del proyecto del festival<\/li>\n<li>Presentaci\u00f3n del proyecto a instituciones y a empresas, para el debido financiamiento y<\/li>\n<li>Convocatoria p\u00fablica para la participaci\u00f3n de autores y compositores lojanos en el festival<\/li>\n<li>Pre clasificaci\u00f3n general<\/li>\n<li>Realizaci\u00f3n del festival; en dos noches en vivo, presentaci\u00f3n de semifinalistas y finalistas, en su orden, en los escenarios de los teatros Bol\u00edvar y Benjam\u00edn Carri\u00f3n.<\/li>\n<\/ul>\n<p>&nbsp;<\/p>\n<h3><strong>REGLAMENTO DEL FESTIVAL<\/strong><\/h3>\n<h3>BASES PARA EL FESTIVAL<\/h3>\n<p>Organiza VIVE LA M\u00daSICA PRODUCCIONES, bajo la direcci\u00f3n de JORGE LEONARDO VEINTIMILLA, con el apoyo t\u00e9cnico y direcci\u00f3n musical de GABRIEL LOZANO &#8211; CLAVE STUDIO SELLO DISCOGR\u00c1FICO; y, el maestro WILMAN PALACIOS JARAMILLO \u2013 BEAT MUSIC STUDIO<\/p>\n<p>&nbsp;<\/p>\n<p><u><strong>REPERTORIO<\/strong>:<\/u><\/p>\n<p>Cada participante, podr\u00e1 intervenir con un solo tema IN\u00c9DITO, de autores y compositores lojanos, que no haya sido estrenado por ning\u00fan medio de difusi\u00f3n p\u00fablico, incluido las redes sociales y medios de comunicaci\u00f3n radial y\/o televisivo.<\/p>\n<p>El tema con el cual va a participar, debe ser presentado el d\u00eda de la inscripci\u00f3n mediante un audio grabado, en formato profesional o no profesional.<\/p>\n<p>&nbsp;<\/p>\n<p><u><strong>PARTICIPANTES<\/strong>:<\/u><\/p>\n<p>Podr\u00e1n participar, en el presente festival, toda persona mayor a los 15 a\u00f1os, profesionales, aficionados o principiantes; nacidos en la Provincia de Loja, o vivido en \u00e9sta, por lo menos 5 a\u00f1os consecutivos, antes del festival.<\/p>\n<p>&nbsp;<\/p>\n<p><u><strong>DEL LUGAR Y LA FECHA<\/strong>:<\/u><\/p>\n<p>El Festival, ser\u00e1 realizado de la siguiente forma y tiempos:<\/p>\n<p>1.- Las inscripciones se las receptar\u00e1 luego de la convocatoria p\u00fablica, que para el efecto se utilizar\u00e1n todos los medios de comunicaci\u00f3n tradicionales y las plataformas digitales actuales, a trav\u00e9s de los cuales se dar\u00e1 a conocer las fechas de inicio y cierre de las inscripciones.<\/p>\n<p>2.- Las inscripciones tienen un costo de $ 25,oo VEINTICINCO DOLARES, por participante, y se podr\u00e1 hacer la cancelaci\u00f3n a trav\u00e9s de transferencia o dep\u00f3sito bancario.<\/p>\n<p>3.- Las inscripciones se las puede realizar, v\u00eda la p\u00e1gina de Facebook (Festival del Pasillo Lojano), personalmente en el centro de copias IDEAS, ubicado en la calle J.A. Eguiguren y Av. 24 de Mayo, o por correo electr\u00f3nico a <a href=\"mailto:vivelamusica@gmail.com\">vivelamusica@gmail.com<\/a><\/p>\n<p>4.- La entrega del tema a participar, se lo puede hacer, ya sea grabado en CD, Flash memory, o a trav\u00e9s de correo a <a href=\"mailto:vivelamusica@gmail.com\">vivelamusica@gmail.com<\/a><\/p>\n<p>5.- Concluida la fecha tope para las inscripciones, seguidamente habr\u00e1 una primera clasificaci\u00f3n, con un jurado, que se escoger\u00e1 para la ocasi\u00f3n, en la que se elegir\u00e1 entre todos los inscritos, a los semifinalistas, quienes har\u00e1n sus presentaciones en vivo, bajo un marco musical, que se establecer\u00e1 obligatoriamente, para todos los participantes; el mismo que deber\u00e1 ser utilizado estrictamente y sin alterar la instrumentaci\u00f3n del marco musical establecido por la organizaci\u00f3n.<\/p>\n<p>www.lodelmomentoloja.com<\/p>\n<p>#LDMnoticias #lodelmomentolojaLDM<\/p>\n","protected":false},"excerpt":{"rendered":"<p>\ud83e\uddd1\ud83c\udffb\u200d\ud83c\udfa4\ud83c\udf99\ufe0f\ud83c\udfb8\u00a1Por segunda ocasi\u00f3n! El segundo festival anual del pasillo lojano se realizar\u00e1 con funciones p\u00fablicas&#8230;<\/p>\n","protected":false},"author":1,"featured_media":16046,"comment_status":"open","ping_status":"open","sticky":false,"template":"","format":"standard","meta":{"footnotes":""},"categories":[1,5],"tags":[],"class_list":["post-16045","post","type-post","status-publish","format-standard","has-post-thumbnail","hentry","category-inicio","category-loja"],"_links":{"self":[{"href":"https:\/\/www.lodelmomentoloja.com\/index.php?rest_route=\/wp\/v2\/posts\/16045"}],"collection":[{"href":"https:\/\/www.lodelmomentoloja.com\/index.php?rest_route=\/wp\/v2\/posts"}],"about":[{"href":"https:\/\/www.lodelmomentoloja.com\/index.php?rest_route=\/wp\/v2\/types\/post"}],"author":[{"embeddable":true,"href":"https:\/\/www.lodelmomentoloja.com\/index.php?rest_route=\/wp\/v2\/users\/1"}],"replies":[{"embeddable":true,"href":"https:\/\/www.lodelmomentoloja.com\/index.php?rest_route=%2Fwp%2Fv2%2Fcomments&post=16045"}],"version-history":[{"count":3,"href":"https:\/\/www.lodelmomentoloja.com\/index.php?rest_route=\/wp\/v2\/posts\/16045\/revisions"}],"predecessor-version":[{"id":16053,"href":"https:\/\/www.lodelmomentoloja.com\/index.php?rest_route=\/wp\/v2\/posts\/16045\/revisions\/16053"}],"wp:featuredmedia":[{"embeddable":true,"href":"https:\/\/www.lodelmomentoloja.com\/index.php?rest_route=\/wp\/v2\/media\/16046"}],"wp:attachment":[{"href":"https:\/\/www.lodelmomentoloja.com\/index.php?rest_route=%2Fwp%2Fv2%2Fmedia&parent=16045"}],"wp:term":[{"taxonomy":"category","embeddable":true,"href":"https:\/\/www.lodelmomentoloja.com\/index.php?rest_route=%2Fwp%2Fv2%2Fcategories&post=16045"},{"taxonomy":"post_tag","embeddable":true,"href":"https:\/\/www.lodelmomentoloja.com\/index.php?rest_route=%2Fwp%2Fv2%2Ftags&post=16045"}],"curies":[{"name":"wp","href":"https:\/\/api.w.org\/{rel}","templated":true}]}}