{"id":16018,"date":"2023-06-06T14:00:20","date_gmt":"2023-06-06T14:00:20","guid":{"rendered":"https:\/\/www.lodelmomentoloja.com\/?p=16018"},"modified":"2023-06-06T20:57:42","modified_gmt":"2023-06-06T20:57:42","slug":"lanzan-aplicacion-movil-para-combatir-la-corrupcion","status":"publish","type":"post","link":"https:\/\/www.lodelmomentoloja.com\/?p=16018","title":{"rendered":"Lanzan aplicaci\u00f3n m\u00f3vil para combatir la corrupci\u00f3n."},"content":{"rendered":"<p>Fundaci\u00f3n CAJE en el marco del proyecto Unidos3, junto a la empresa tecnol\u00f3gica Kradac, de manera oficial cumplir\u00e1 con el lanzamiento de la primera aplicaci\u00f3n m\u00f3vil que medir\u00e1 los niveles de corrupci\u00f3n que se generan desde el sector p\u00fablico, esto, mediante el aplicativo denominado &#8220;El Corrupt\u00f3metro&#8221;, una iniciativa que nade desde Loja como pionera en el Ecuador.<\/p>\n<p>Seg\u00fan el portal web Transparencia Internacional y su gr\u00e1fica de los pa\u00edses m\u00e1s y menos corruptos del mundo, existe un ranking que ubica al Ecuador con una calificaci\u00f3n de 101 de 180, incluso con un est\u00e1ndar mayor al del vecino pa\u00eds Colombia e igual que Per\u00fa, exponiendo cifras que dejan muy mal al pa\u00eds ante los ojos del planeta (https:\/\/www.transparency.org\/en\/cpi\/2022 ).<\/p>\n<p>&nbsp;<\/p>\n<p>Por ello, Fundaci\u00f3n CAJE de la mano de cooperantes internacionales y sectores que han decidido sumarse a la propuesta, con necesidad urgente de colaborar en la erradicaci\u00f3n de este mal. La poblaci\u00f3n a trav\u00e9s de esta herramienta tecnol\u00f3gica que recoger\u00e1 informaci\u00f3n espec\u00edfica como:<\/p>\n<p>\u274c Soborno<\/p>\n<p>\u274c Peculado<\/p>\n<p>\u274c Tr\u00e1fico de influencias<\/p>\n<p>\u274c Abuso de funciones<\/p>\n<p>\u274c Concusi\u00f3n<\/p>\n<p>\u274c Conspiraci\u00f3n para cometer actos de corrupci\u00f3n<\/p>\n<p>\u274c Tr\u00e1fico de influencia<\/p>\n<p>\u274c Enriquecimiento oculto<\/p>\n<p>\u274c Obstrucci\u00f3n de la justicia<\/p>\n<p>\u274c Uso ilegal de informaci\u00f3n falsa o confidencial<\/p>\n<p>\u274c Nepotismo<\/p>\n<p>&nbsp;<\/p>\n<p>En este marco, y de acuerdo a las l\u00edneas de trabajo establecidas para su correcto funcionamiento y lanzamiento, se cumpli\u00f3 con la primera fase: que fue la socializaci\u00f3n con distintos organismos de la localidad como: la Red de J\u00f3venes, la coalici\u00f3n local, el observatorio por la transparencia y combate a la corrupci\u00f3n, para recoger observaciones, compromisos y responsabilidades.<\/p>\n<p>&nbsp;<\/p>\n<p>Producto de este encuentro se tuvo las primeras novedades correspondientes a funcionalidad y normativa legal que fueron tomadas en cuenta para continuar con la ejecuci\u00f3n del proyecto. En as\u00ed que, de acuerdo a los avances presentados y los correctivos realizados, en el mes de mayo se cumpli\u00f3 con la presentaci\u00f3n de la App. en el Municipio de Paltas. En el evento estuvieron presentes Jos\u00e9 Luis Ojeda director ejecutivo de Fundaci\u00f3n CAJE junto a su equipo t\u00e9cnico, Yennifer L\u00f3pez primera autoridad municipal, Bruno Valarezo CEO y Fundador de Kradac, integrantes del Comit\u00e9 C\u00edvico de Paltas, concejales salientes y entrantes; y ciudadan\u00eda.<\/p>\n<p>&nbsp;<\/p>\n<p>Con la presentaci\u00f3n realizada en el lugar, la utilizaci\u00f3n de la app Corrupt\u00f3metro qued\u00f3 establecida dentro de la Ordenanza Municipal que pretende transparentar la gesti\u00f3n p\u00fablica y luchar contra la corrupci\u00f3n en el Municipio de Paltas. Debemos indicar que el presente proyecto es el primero en instaurarse en una alcald\u00eda del pa\u00eds.<\/p>\n<p>&nbsp;<\/p>\n<p>Una vez cumplidas las etapas mencionadas, nos alistamos a realizar el gran lanzamiento oficial de la aplicaci\u00f3n, referente a nivel nacional.<\/p>\n<p>&nbsp;<\/p>\n<p><strong>El evento del lanzamiento oficial se cumplir\u00e1 el d\u00eda mi\u00e9rcoles, 7 de junio de 2023, a las 9:00 en el Centro Cultural Alfredo Mora Reyes<\/strong>, mismo que contar\u00e1 con la presencia de importantes personalidades tanto de la provincia como del pa\u00eds.<\/p>\n<p>&nbsp;<\/p>\n<p>Esta iniciativa es respaldada por Fundaci\u00f3n Panamericana para el Desarrollo (PADF) y USAID &#8211; US Agency for International Development.<\/p>\n<p>&nbsp;<\/p>\n<p><em>S\u00edguenos #LDMnoticias \u00f3 #lodelmomentolojaLDM<\/em><\/p>\n<p>&nbsp;<\/p>\n","protected":false},"excerpt":{"rendered":"<p>Fundaci\u00f3n CAJE en el marco del proyecto Unidos3, junto a la empresa tecnol\u00f3gica Kradac, de&#8230;<\/p>\n","protected":false},"author":1,"featured_media":16019,"comment_status":"open","ping_status":"open","sticky":false,"template":"","format":"standard","meta":{"footnotes":""},"categories":[7,5],"tags":[],"class_list":["post-16018","post","type-post","status-publish","format-standard","has-post-thumbnail","hentry","category-ecuador","category-loja"],"_links":{"self":[{"href":"https:\/\/www.lodelmomentoloja.com\/index.php?rest_route=\/wp\/v2\/posts\/16018"}],"collection":[{"href":"https:\/\/www.lodelmomentoloja.com\/index.php?rest_route=\/wp\/v2\/posts"}],"about":[{"href":"https:\/\/www.lodelmomentoloja.com\/index.php?rest_route=\/wp\/v2\/types\/post"}],"author":[{"embeddable":true,"href":"https:\/\/www.lodelmomentoloja.com\/index.php?rest_route=\/wp\/v2\/users\/1"}],"replies":[{"embeddable":true,"href":"https:\/\/www.lodelmomentoloja.com\/index.php?rest_route=%2Fwp%2Fv2%2Fcomments&post=16018"}],"version-history":[{"count":1,"href":"https:\/\/www.lodelmomentoloja.com\/index.php?rest_route=\/wp\/v2\/posts\/16018\/revisions"}],"predecessor-version":[{"id":16020,"href":"https:\/\/www.lodelmomentoloja.com\/index.php?rest_route=\/wp\/v2\/posts\/16018\/revisions\/16020"}],"wp:featuredmedia":[{"embeddable":true,"href":"https:\/\/www.lodelmomentoloja.com\/index.php?rest_route=\/wp\/v2\/media\/16019"}],"wp:attachment":[{"href":"https:\/\/www.lodelmomentoloja.com\/index.php?rest_route=%2Fwp%2Fv2%2Fmedia&parent=16018"}],"wp:term":[{"taxonomy":"category","embeddable":true,"href":"https:\/\/www.lodelmomentoloja.com\/index.php?rest_route=%2Fwp%2Fv2%2Fcategories&post=16018"},{"taxonomy":"post_tag","embeddable":true,"href":"https:\/\/www.lodelmomentoloja.com\/index.php?rest_route=%2Fwp%2Fv2%2Ftags&post=16018"}],"curies":[{"name":"wp","href":"https:\/\/api.w.org\/{rel}","templated":true}]}}