{"id":16014,"date":"2023-06-06T13:16:39","date_gmt":"2023-06-06T13:16:39","guid":{"rendered":"https:\/\/www.lodelmomentoloja.com\/?p=16014"},"modified":"2023-06-06T18:18:04","modified_gmt":"2023-06-06T18:18:04","slug":"movimiento-creo-no-tendra-candidatos","status":"publish","type":"post","link":"https:\/\/www.lodelmomentoloja.com\/?p=16014","title":{"rendered":"Movimiento CREO no tendr\u00e1 candidatos"},"content":{"rendered":"<p>\ud83d\udc40\ud83d\ude45\ud83c\udffb\u200d\u2642\ufe0f\u274e \u00a1Ya no es culpa! El movimiento CREO anunci\u00f3 hace poco que no presentar\u00e1 binomio presidencial, ni candidatos a la Asamblea Nacional para las elecciones anticipadas de agosto de este a\u00f1o. As\u00ed lo asegur\u00f3 el ministro de Inclusi\u00f3n, Esteban Bernal, presidente electo del movimiento.<\/p>\n<p>Bernal asegur\u00f3 que utilizar\u00e1n este tiempo para apoyar al Gobierno de Guillermo Lasso en los meses que le quedan en el poder. Adem\u00e1s, asegura que se preparan como partido para los comicios del 2025.<\/p>\n<p>www.lodelmomentoloja.com<br \/>\n#LDMnoticias #lodelmomentolojaLDM<\/p>\n","protected":false},"excerpt":{"rendered":"<p>\ud83d\udc40\ud83d\ude45\ud83c\udffb\u200d\u2642\ufe0f\u274e \u00a1Ya no es culpa! El movimiento CREO anunci\u00f3 hace poco que no presentar\u00e1 binomio&#8230;<\/p>\n","protected":false},"author":1,"featured_media":16015,"comment_status":"open","ping_status":"open","sticky":false,"template":"","format":"standard","meta":{"footnotes":""},"categories":[7,1],"tags":[],"class_list":["post-16014","post","type-post","status-publish","format-standard","has-post-thumbnail","hentry","category-ecuador","category-inicio"],"_links":{"self":[{"href":"https:\/\/www.lodelmomentoloja.com\/index.php?rest_route=\/wp\/v2\/posts\/16014"}],"collection":[{"href":"https:\/\/www.lodelmomentoloja.com\/index.php?rest_route=\/wp\/v2\/posts"}],"about":[{"href":"https:\/\/www.lodelmomentoloja.com\/index.php?rest_route=\/wp\/v2\/types\/post"}],"author":[{"embeddable":true,"href":"https:\/\/www.lodelmomentoloja.com\/index.php?rest_route=\/wp\/v2\/users\/1"}],"replies":[{"embeddable":true,"href":"https:\/\/www.lodelmomentoloja.com\/index.php?rest_route=%2Fwp%2Fv2%2Fcomments&post=16014"}],"version-history":[{"count":2,"href":"https:\/\/www.lodelmomentoloja.com\/index.php?rest_route=\/wp\/v2\/posts\/16014\/revisions"}],"predecessor-version":[{"id":16017,"href":"https:\/\/www.lodelmomentoloja.com\/index.php?rest_route=\/wp\/v2\/posts\/16014\/revisions\/16017"}],"wp:featuredmedia":[{"embeddable":true,"href":"https:\/\/www.lodelmomentoloja.com\/index.php?rest_route=\/wp\/v2\/media\/16015"}],"wp:attachment":[{"href":"https:\/\/www.lodelmomentoloja.com\/index.php?rest_route=%2Fwp%2Fv2%2Fmedia&parent=16014"}],"wp:term":[{"taxonomy":"category","embeddable":true,"href":"https:\/\/www.lodelmomentoloja.com\/index.php?rest_route=%2Fwp%2Fv2%2Fcategories&post=16014"},{"taxonomy":"post_tag","embeddable":true,"href":"https:\/\/www.lodelmomentoloja.com\/index.php?rest_route=%2Fwp%2Fv2%2Ftags&post=16014"}],"curies":[{"name":"wp","href":"https:\/\/api.w.org\/{rel}","templated":true}]}}