{"id":15996,"date":"2023-06-05T14:01:23","date_gmt":"2023-06-05T14:01:23","guid":{"rendered":"https:\/\/www.lodelmomentoloja.com\/?p=15996"},"modified":"2023-06-05T19:02:55","modified_gmt":"2023-06-05T19:02:55","slug":"feria-de-loja-iniciara-el-31-de-agosto","status":"publish","type":"post","link":"https:\/\/www.lodelmomentoloja.com\/?p=15996","title":{"rendered":"Feria de Loja iniciar\u00e1 el 31 de Agosto"},"content":{"rendered":"<p>\ud83e\udd25\ud83c\udfa1\ud83e\udd28 \u00a1Cada vez m\u00e1s corta! A diferencia del a\u00f1o pasado donde la feria de Loja tuvo una duraci\u00f3n del 26 de agosto al 18 de septiembre 2022, este a\u00f1o se hace m\u00e1s corta, ahora ser\u00e1 desde 30 de agosto al 17 de septiembre 2023 por las elecciones anticipadas y la llegada de la Virgen de El Cisne que ser\u00e1 este mi\u00e9rcoles 26 de agosto.<\/p>\n<p>De la misma manera, tambi\u00e9n se anuncia la postulaci\u00f3n de la venta de stand y patio de comidas hasta el 18 de junio por la web https:\/\/cfloja.org\/ en la que estar\u00e1n <b>505 puestos comerciales en juego.<\/p>\n<p><\/b>www.lodelmomentoloja.com<b><br \/>\n<\/b>#LDMnoticias<b> <\/b>#lodelmomentolojaLDM<\/p>\n","protected":false},"excerpt":{"rendered":"<p>\ud83e\udd25\ud83c\udfa1\ud83e\udd28 \u00a1Cada vez m\u00e1s corta! A diferencia del a\u00f1o pasado donde la feria de Loja&#8230;<\/p>\n","protected":false},"author":1,"featured_media":15997,"comment_status":"open","ping_status":"open","sticky":false,"template":"","format":"standard","meta":{"footnotes":""},"categories":[7,1,5],"tags":[],"class_list":["post-15996","post","type-post","status-publish","format-standard","has-post-thumbnail","hentry","category-ecuador","category-inicio","category-loja"],"_links":{"self":[{"href":"https:\/\/www.lodelmomentoloja.com\/index.php?rest_route=\/wp\/v2\/posts\/15996"}],"collection":[{"href":"https:\/\/www.lodelmomentoloja.com\/index.php?rest_route=\/wp\/v2\/posts"}],"about":[{"href":"https:\/\/www.lodelmomentoloja.com\/index.php?rest_route=\/wp\/v2\/types\/post"}],"author":[{"embeddable":true,"href":"https:\/\/www.lodelmomentoloja.com\/index.php?rest_route=\/wp\/v2\/users\/1"}],"replies":[{"embeddable":true,"href":"https:\/\/www.lodelmomentoloja.com\/index.php?rest_route=%2Fwp%2Fv2%2Fcomments&post=15996"}],"version-history":[{"count":1,"href":"https:\/\/www.lodelmomentoloja.com\/index.php?rest_route=\/wp\/v2\/posts\/15996\/revisions"}],"predecessor-version":[{"id":15998,"href":"https:\/\/www.lodelmomentoloja.com\/index.php?rest_route=\/wp\/v2\/posts\/15996\/revisions\/15998"}],"wp:featuredmedia":[{"embeddable":true,"href":"https:\/\/www.lodelmomentoloja.com\/index.php?rest_route=\/wp\/v2\/media\/15997"}],"wp:attachment":[{"href":"https:\/\/www.lodelmomentoloja.com\/index.php?rest_route=%2Fwp%2Fv2%2Fmedia&parent=15996"}],"wp:term":[{"taxonomy":"category","embeddable":true,"href":"https:\/\/www.lodelmomentoloja.com\/index.php?rest_route=%2Fwp%2Fv2%2Fcategories&post=15996"},{"taxonomy":"post_tag","embeddable":true,"href":"https:\/\/www.lodelmomentoloja.com\/index.php?rest_route=%2Fwp%2Fv2%2Ftags&post=15996"}],"curies":[{"name":"wp","href":"https:\/\/api.w.org\/{rel}","templated":true}]}}