{"id":15912,"date":"2023-05-30T09:40:57","date_gmt":"2023-05-30T09:40:57","guid":{"rendered":"https:\/\/www.lodelmomentoloja.com\/?p=15912"},"modified":"2023-05-30T14:43:08","modified_gmt":"2023-05-30T14:43:08","slug":"fenomeno-del-nino-causara-ola-de-calor-extremo","status":"publish","type":"post","link":"https:\/\/www.lodelmomentoloja.com\/?p=15912","title":{"rendered":"Fen\u00f3meno del ni\u00f1o causar\u00e1 ola de calor extremo"},"content":{"rendered":"<p dir=\"ltr\">\ud83d\ude33\ud83d\udd25\ud83c\udf21\ufe0f\u00a1A tener precauci\u00f3n! A\u00fan no est\u00e1 claro cu\u00e1n grave ser\u00e1 el fen\u00f3meno de El Ni\u00f1o, pero sin mayores dudas, los cient\u00edficos dicen que se habr\u00e1 gestado por completo en agosto de 2023.\u00a0 Y a Ecuador, llegar\u00e1 entre noviembre y diciembre, seg\u00fan el profesor investigador de la Escuela Polit\u00e9cnica del Litoral (ESPOL), Franklin Ormaza.<\/p>\n<p dir=\"ltr\">&#8216;El ni\u00f1o llegar\u00e1 en el peor momento del calentamiento global, con oc\u00e9anos ya calientes y contaminados, y con tres a\u00f1os de olas de calor r\u00e9cord en el mundo&#8217;<\/p>\n<p dir=\"ltr\">www.lodelmomentoloja.com<br \/>\n#LDMnoticias #lodelmomentolojaLDM<\/p>\n","protected":false},"excerpt":{"rendered":"<p>\ud83d\ude33\ud83d\udd25\ud83c\udf21\ufe0f\u00a1A tener precauci\u00f3n! A\u00fan no est\u00e1 claro cu\u00e1n grave ser\u00e1 el fen\u00f3meno de El Ni\u00f1o,&#8230;<\/p>\n","protected":false},"author":1,"featured_media":15914,"comment_status":"open","ping_status":"open","sticky":false,"template":"","format":"standard","meta":{"footnotes":""},"categories":[7,1,4],"tags":[],"class_list":["post-15912","post","type-post","status-publish","format-standard","has-post-thumbnail","hentry","category-ecuador","category-inicio","category-internacional"],"_links":{"self":[{"href":"https:\/\/www.lodelmomentoloja.com\/index.php?rest_route=\/wp\/v2\/posts\/15912"}],"collection":[{"href":"https:\/\/www.lodelmomentoloja.com\/index.php?rest_route=\/wp\/v2\/posts"}],"about":[{"href":"https:\/\/www.lodelmomentoloja.com\/index.php?rest_route=\/wp\/v2\/types\/post"}],"author":[{"embeddable":true,"href":"https:\/\/www.lodelmomentoloja.com\/index.php?rest_route=\/wp\/v2\/users\/1"}],"replies":[{"embeddable":true,"href":"https:\/\/www.lodelmomentoloja.com\/index.php?rest_route=%2Fwp%2Fv2%2Fcomments&post=15912"}],"version-history":[{"count":1,"href":"https:\/\/www.lodelmomentoloja.com\/index.php?rest_route=\/wp\/v2\/posts\/15912\/revisions"}],"predecessor-version":[{"id":15915,"href":"https:\/\/www.lodelmomentoloja.com\/index.php?rest_route=\/wp\/v2\/posts\/15912\/revisions\/15915"}],"wp:featuredmedia":[{"embeddable":true,"href":"https:\/\/www.lodelmomentoloja.com\/index.php?rest_route=\/wp\/v2\/media\/15914"}],"wp:attachment":[{"href":"https:\/\/www.lodelmomentoloja.com\/index.php?rest_route=%2Fwp%2Fv2%2Fmedia&parent=15912"}],"wp:term":[{"taxonomy":"category","embeddable":true,"href":"https:\/\/www.lodelmomentoloja.com\/index.php?rest_route=%2Fwp%2Fv2%2Fcategories&post=15912"},{"taxonomy":"post_tag","embeddable":true,"href":"https:\/\/www.lodelmomentoloja.com\/index.php?rest_route=%2Fwp%2Fv2%2Ftags&post=15912"}],"curies":[{"name":"wp","href":"https:\/\/api.w.org\/{rel}","templated":true}]}}