{"id":159,"date":"2020-11-03T19:00:14","date_gmt":"2020-11-03T19:00:14","guid":{"rendered":"http:\/\/www.lodelmomentoloja.com\/?p=159"},"modified":"2020-11-10T00:41:45","modified_gmt":"2020-11-10T00:41:45","slug":"playas-llenas-por-el-feriado","status":"publish","type":"post","link":"https:\/\/www.lodelmomentoloja.com\/?p=159","title":{"rendered":"Playas llenas por el feriado."},"content":{"rendered":"\n<figure class=\"wp-block-image\"><img decoding=\"async\" src=\"https:\/\/scontent.floh1-1.fna.fbcdn.net\/v\/t1.0-9\/123906910_844081683028590_5201539899748405299_o.jpg?_nc_cat=111&amp;ccb=2&amp;_nc_sid=730e14&amp;_nc_ohc=VkN-f_WxyfQAX8RnebL&amp;_nc_ht=scontent.floh1-1.fna&amp;oh=c8c6c38bec3aa45ba4b37475701ee55a&amp;oe=5FD088E6\" alt=\"\"\/><\/figure>\n\n\n\n<p>El domingo 1 de noviembre fue el d\u00eda de feriado que m\u00e1s registr\u00f3 ba\u00f1istas en las playas del cant\u00f3n Santa Elena, logrando as\u00ed que la carga tur\u00edstica \u2013determinada por un estudio t\u00e9cnico se ubicara al 100%.<\/p>\n\n\n\n<p>A trav\u00e9s de la p\u00e1gina oficial del alcalde Otto Vera, se inform\u00f3 que el domingo 1 de noviembre fueron 25.000 personas las que asistieron a los balnearios de Santa Elena.<\/p>\n\n\n\n<p>Jefferson Tigrero, titular de Emuturismo, detall\u00f3 que el 31 de octubre la ocupaci\u00f3n de las playas fue del 10%, mientras que hasta el mediod\u00eda de este lunes 2 y seg\u00fan un conteo parcial en playas concurridas como Monta\u00f1ita y Ol\u00f3n, la presencia de ba\u00f1istas era del 40 y 60 por ciento, respectivamente. <\/p>\n","protected":false},"excerpt":{"rendered":"<p>El domingo 1 de noviembre fue el d\u00eda de feriado que m\u00e1s registr\u00f3 ba\u00f1istas en&#8230;<\/p>\n","protected":false},"author":1,"featured_media":162,"comment_status":"open","ping_status":"open","sticky":false,"template":"","format":"standard","meta":{"footnotes":""},"categories":[7,1],"tags":[],"class_list":["post-159","post","type-post","status-publish","format-standard","has-post-thumbnail","hentry","category-ecuador","category-inicio"],"_links":{"self":[{"href":"https:\/\/www.lodelmomentoloja.com\/index.php?rest_route=\/wp\/v2\/posts\/159"}],"collection":[{"href":"https:\/\/www.lodelmomentoloja.com\/index.php?rest_route=\/wp\/v2\/posts"}],"about":[{"href":"https:\/\/www.lodelmomentoloja.com\/index.php?rest_route=\/wp\/v2\/types\/post"}],"author":[{"embeddable":true,"href":"https:\/\/www.lodelmomentoloja.com\/index.php?rest_route=\/wp\/v2\/users\/1"}],"replies":[{"embeddable":true,"href":"https:\/\/www.lodelmomentoloja.com\/index.php?rest_route=%2Fwp%2Fv2%2Fcomments&post=159"}],"version-history":[{"count":1,"href":"https:\/\/www.lodelmomentoloja.com\/index.php?rest_route=\/wp\/v2\/posts\/159\/revisions"}],"predecessor-version":[{"id":163,"href":"https:\/\/www.lodelmomentoloja.com\/index.php?rest_route=\/wp\/v2\/posts\/159\/revisions\/163"}],"wp:featuredmedia":[{"embeddable":true,"href":"https:\/\/www.lodelmomentoloja.com\/index.php?rest_route=\/wp\/v2\/media\/162"}],"wp:attachment":[{"href":"https:\/\/www.lodelmomentoloja.com\/index.php?rest_route=%2Fwp%2Fv2%2Fmedia&parent=159"}],"wp:term":[{"taxonomy":"category","embeddable":true,"href":"https:\/\/www.lodelmomentoloja.com\/index.php?rest_route=%2Fwp%2Fv2%2Fcategories&post=159"},{"taxonomy":"post_tag","embeddable":true,"href":"https:\/\/www.lodelmomentoloja.com\/index.php?rest_route=%2Fwp%2Fv2%2Ftags&post=159"}],"curies":[{"name":"wp","href":"https:\/\/api.w.org\/{rel}","templated":true}]}}