{"id":15896,"date":"2023-05-29T15:00:39","date_gmt":"2023-05-29T15:00:39","guid":{"rendered":"https:\/\/www.lodelmomentoloja.com\/?p=15896"},"modified":"2023-05-29T21:05:36","modified_gmt":"2023-05-29T21:05:36","slug":"colectivos-que-apoyan-a-yaku-en-loja-no-quieren-trabajar-con-la-exalcaldesa-picoita","status":"publish","type":"post","link":"https:\/\/www.lodelmomentoloja.com\/?p=15896","title":{"rendered":"Colectivos que apoyan a Yaku en Loja no quieren trabajar con la exalcaldesa Picoita."},"content":{"rendered":"<p>Mientras las alianzas se consolidan a nivel nacional previo a las elecciones anticipadas 2023, varias expectativas y roces tambi\u00e9n van de la mano de esta temporada electoral. A nivel nacional, Gustavo Larrea realiz\u00f3 un respaldo a la candidatura presidencial de Yaku P\u00e9rez en compa\u00f1\u00eda de otras organizaciones m\u00e1s como el caso de Unidad Popular y Partido Socialista Ecuatoriano, sin\u00a0 embargo, en el caso particular de la provincia de Loja en su momento la persona que encabezaba Democracia SI era al cuestionada exalcaldesa de Loja Patricia Picoita, quien al mando de esa organizaci\u00f3n respald\u00f3 la candidatura de su hijo que tuvo como resultado n\u00fameros bajos del 1,58% del padr\u00f3n electoral en las elecciones seccionales 2023.<\/p>\n<p>Por otro lado, en este nuevo momento pol\u00edtico, &#8220;Somos Agua&#8221; la agrupaci\u00f3n que respalda la figura de Yaku ha comenzado a tener v\u00ednculos conforme las decisiones tomadas a nivel nacional, acto que hizo proceder a reunirse la Mgtr. Esperanza Vivanco en calidad de nueva delegada del movimiento de Larrea, qui\u00e9n con oficio 3 de marzo 2023 asume funciones para comenzar a generar las diferentes reuniones de trabajo y apoyo, algo que tom\u00f3 de sorpresa a Patricia Picoita quien procedi\u00f3 a querer figurar entre las organizaciones antes mencionadas pero tuvo una sorpresa, ya que el rechazo de todos quienes ven\u00edan trabajando estos meses han decidido dejarla fuera de este proceso.<\/p>\n<h4><\/h4>\n<h4>\u00bfC\u00f3mo reacciona Patricia Picoita ante la noticia de que se queda fuera?<\/h4>\n<p>Ante el rechazo que obtuvo la exalcaldesa de Loja por parte de los diferentes representantes y simpatizantes que apoyan la candidatura de Yaku P\u00e9rez, Picoita emiti\u00f3 un oficio la noche de ayer al Director Nacional de Democracia SI, pidiendo resolver 4 puntos que considera relevantes.<\/p>\n<p>El primero, respaldar las decisiones de la Directiva Nacional; la segunda, pedir se pueda confirmar una comisi\u00f3n del movimiento en Loja con los nombre de Jaime Cuenca (exconcejal af\u00edn a Picoita), R\u00f3mulo Ch\u00e1vez Ex Coordinador General del Municipio en la \u00e9poca de Picoita y la misma autoridad saliente; el tercero, tratar de sacar Esperanza Vivanco del trabajo pol\u00edtico por una supuesta incorporaci\u00f3n a otro movimiento pol\u00edtico y finalmente, conformar grupos de trabajos para el partido pol\u00edtico.<\/p>\n<p>Esta actuaci\u00f3n de Patricia Picoita ha generado la molestia de los tres directivos provinciales de Loja, enviando de la misma manera un oficio al mismo Director Nacional Gustavo Larrea.<\/p>\n<p><img loading=\"lazy\" decoding=\"async\" class=\"wp-image-15897 alignnone\" src=\"http:\/\/www.lodelmomentoloja.com\/wp-content\/uploads\/2023\/05\/trfewq23-780x1024.jpg\" alt=\"\" width=\"513\" height=\"673\" srcset=\"https:\/\/www.lodelmomentoloja.com\/wp-content\/uploads\/2023\/05\/trfewq23-780x1024.jpg 780w, https:\/\/www.lodelmomentoloja.com\/wp-content\/uploads\/2023\/05\/trfewq23-229x300.jpg 229w, https:\/\/www.lodelmomentoloja.com\/wp-content\/uploads\/2023\/05\/trfewq23-768x1008.jpg 768w, https:\/\/www.lodelmomentoloja.com\/wp-content\/uploads\/2023\/05\/trfewq23-640x840.jpg 640w, https:\/\/www.lodelmomentoloja.com\/wp-content\/uploads\/2023\/05\/trfewq23.jpg 823w\" sizes=\"(max-width: 513px) 100vw, 513px\" \/><\/p>\n<h4><\/h4>\n<h4>\u00bfCu\u00e1l fue la respuesta de los diferentes partidos pol\u00edticos?<\/h4>\n<p>Las actuaciones de la exalcaldesa han generado el rechazo colectivo en su contra, firmando un grupal por parte de los representantes provinciales de Somos Agua, Unidad Popular y Partido Socialista Ecuatoriano, quien mediante oficio expresan que Picoita traicion\u00f3 principios fundamentales, \u00e9ticos y morales que la envuelven en esc\u00e1ndalos, ha engrandecido el rechazo no solo de la ciudadan\u00eda.<\/p>\n<p>&nbsp;<\/p>\n<p>As\u00ed mismo, en el documento solicitan un pronunciamiento urgente al respecto, puesto que el trabajo que desarrollan con la actual delegada Mgtr. Esperanza Vivanco ha mantenido la unidad en el proceso pol\u00edtico.<\/p>\n<p>&nbsp;<\/p>\n<h4><img loading=\"lazy\" decoding=\"async\" class=\"wp-image-15898 alignnone\" style=\"font-weight: 400;\" src=\"http:\/\/www.lodelmomentoloja.com\/wp-content\/uploads\/2023\/05\/rfdesw-780x1024.jpg\" alt=\"\" width=\"511\" height=\"671\" srcset=\"https:\/\/www.lodelmomentoloja.com\/wp-content\/uploads\/2023\/05\/rfdesw-780x1024.jpg 780w, https:\/\/www.lodelmomentoloja.com\/wp-content\/uploads\/2023\/05\/rfdesw-229x300.jpg 229w, https:\/\/www.lodelmomentoloja.com\/wp-content\/uploads\/2023\/05\/rfdesw-768x1008.jpg 768w, https:\/\/www.lodelmomentoloja.com\/wp-content\/uploads\/2023\/05\/rfdesw-640x840.jpg 640w, https:\/\/www.lodelmomentoloja.com\/wp-content\/uploads\/2023\/05\/rfdesw.jpg 823w\" sizes=\"(max-width: 511px) 100vw, 511px\" \/><\/h4>\n<p><em>S\u00edguenos #LDMnoticias \u00f3 #lodelmomentolojaLDM<\/em><\/p>\n<p>&nbsp;<\/p>\n","protected":false},"excerpt":{"rendered":"<p>Mientras las alianzas se consolidan a nivel nacional previo a las elecciones anticipadas 2023, varias&#8230;<\/p>\n","protected":false},"author":1,"featured_media":15902,"comment_status":"open","ping_status":"open","sticky":false,"template":"","format":"standard","meta":{"footnotes":""},"categories":[7,5],"tags":[],"class_list":["post-15896","post","type-post","status-publish","format-standard","has-post-thumbnail","hentry","category-ecuador","category-loja"],"_links":{"self":[{"href":"https:\/\/www.lodelmomentoloja.com\/index.php?rest_route=\/wp\/v2\/posts\/15896"}],"collection":[{"href":"https:\/\/www.lodelmomentoloja.com\/index.php?rest_route=\/wp\/v2\/posts"}],"about":[{"href":"https:\/\/www.lodelmomentoloja.com\/index.php?rest_route=\/wp\/v2\/types\/post"}],"author":[{"embeddable":true,"href":"https:\/\/www.lodelmomentoloja.com\/index.php?rest_route=\/wp\/v2\/users\/1"}],"replies":[{"embeddable":true,"href":"https:\/\/www.lodelmomentoloja.com\/index.php?rest_route=%2Fwp%2Fv2%2Fcomments&post=15896"}],"version-history":[{"count":4,"href":"https:\/\/www.lodelmomentoloja.com\/index.php?rest_route=\/wp\/v2\/posts\/15896\/revisions"}],"predecessor-version":[{"id":15903,"href":"https:\/\/www.lodelmomentoloja.com\/index.php?rest_route=\/wp\/v2\/posts\/15896\/revisions\/15903"}],"wp:featuredmedia":[{"embeddable":true,"href":"https:\/\/www.lodelmomentoloja.com\/index.php?rest_route=\/wp\/v2\/media\/15902"}],"wp:attachment":[{"href":"https:\/\/www.lodelmomentoloja.com\/index.php?rest_route=%2Fwp%2Fv2%2Fmedia&parent=15896"}],"wp:term":[{"taxonomy":"category","embeddable":true,"href":"https:\/\/www.lodelmomentoloja.com\/index.php?rest_route=%2Fwp%2Fv2%2Fcategories&post=15896"},{"taxonomy":"post_tag","embeddable":true,"href":"https:\/\/www.lodelmomentoloja.com\/index.php?rest_route=%2Fwp%2Fv2%2Ftags&post=15896"}],"curies":[{"name":"wp","href":"https:\/\/api.w.org\/{rel}","templated":true}]}}