{"id":15891,"date":"2023-05-29T12:58:00","date_gmt":"2023-05-29T12:58:00","guid":{"rendered":"https:\/\/www.lodelmomentoloja.com\/?p=15891"},"modified":"2023-05-29T18:54:59","modified_gmt":"2023-05-29T18:54:59","slug":"15891","status":"publish","type":"post","link":"https:\/\/www.lodelmomentoloja.com\/?p=15891","title":{"rendered":"El corre\u00edsmo est\u00e1 entre Arauz, Gonz\u00e1lez y Rabascall para poner su candidato."},"content":{"rendered":"<p>Los tiempos se acaban y el candidato principal del movimiento pol\u00edtico Revoluci\u00f3n Ciudadana (RC) a\u00fan sigue siendo una inc\u00f3gnita, as\u00ed mismo, la lista de asamble\u00edstas a la Asamblea Nacional de las pr\u00f3ximas elecciones anticipadas 2023.<\/p>\n<p>Al interno de esta organizaci\u00f3n ya se barajan tres nombres, en medio de esta actuaci\u00f3n los nombres de la exasamble\u00edsta Luisa Gonz\u00e1lez, el excandidato presidencial Andr\u00e9s Arauz y el excandidto vicepresidencial Carlos Rabascall son las opciones que mantiene a la expectativa a sus militantes y simpatizantes del corre\u00edsmo.<\/p>\n<p>&nbsp;<\/p>\n<p>Algo particular entre los candidatos, <strong>Luisa Gonz\u00e1lez ha comenzado con una campa\u00f1a m\u00e1s fuerte en redes sociales, incluso, desde la cuenta de twitter del ex Ministro Vinicio Alvarado ha enmarcando a unos materiales publicitarios a favor de la candidata Gonz\u00e1lez<\/strong>.<\/p>\n<p><img loading=\"lazy\" decoding=\"async\" class=\"alignnone wp-image-15892 \" src=\"http:\/\/www.lodelmomentoloja.com\/wp-content\/uploads\/2023\/05\/Captura-de-pantalla-2023-05-29-134646.jpg\" alt=\"\" width=\"457\" height=\"492\" srcset=\"https:\/\/www.lodelmomentoloja.com\/wp-content\/uploads\/2023\/05\/Captura-de-pantalla-2023-05-29-134646.jpg 752w, https:\/\/www.lodelmomentoloja.com\/wp-content\/uploads\/2023\/05\/Captura-de-pantalla-2023-05-29-134646-279x300.jpg 279w, https:\/\/www.lodelmomentoloja.com\/wp-content\/uploads\/2023\/05\/Captura-de-pantalla-2023-05-29-134646-640x689.jpg 640w\" sizes=\"(max-width: 457px) 100vw, 457px\" \/><\/p>\n<p><a href=\"https:\/\/twitter.com\/vinizeta\/status\/1662497204718690304\"><em>https:\/\/twitter.com\/vinizeta\/status\/1662497204718690304\u00a0<\/em><\/a><\/p>\n<p>Andr\u00e9s Arauz tambi\u00e9n no ha declinado de ser el postulante principal de Rafael Correa, pero se mantendr\u00e1 al margen de lo que decidan a nivel nacional, lo mismo pasa con Carlos Rabascall, quien ha confirmado que de no ser candidato por la RC no participar\u00e1 en otra contienda pol\u00edtica, expresando que no fragmentar\u00e1 su reciprocidad a esta tienda pol\u00edtica y su aspiraci\u00f3n para el 2025.<\/p>\n<p>&nbsp;<\/p>\n<p><b>Todo esto se viene dando con la limitante de tiempo, puesto que desde el Consejo Nacional Electoral (CNE)<\/b> se ha determinado que las organizaciones pol\u00edticas tendr\u00e1n hasta el 31 de mayo para presentar los candidatos, apurando el proceso de democracia interna que tienen como obligaci\u00f3n considerar antes de una participaci\u00f3n oficial por una candidatura.<\/p>\n<p>Mientras todo esto ocurre, quedan pocos d\u00edas para conocer a los postulantes finales que estar\u00e1n en la papeleta para las elecciones anticipadas del 2023 y ver qui\u00e9n podr\u00e1 obtener la voluntad popular para gobernar al Ecuador mediante la presidencia de la Rep\u00fablica.<\/p>\n<p>&nbsp;<\/p>\n<p><em>S\u00edguenos #LDMnoticias \u00f3 #lodelmomentolojaLDM<\/em><\/p>\n","protected":false},"excerpt":{"rendered":"<p>Los tiempos se acaban y el candidato principal del movimiento pol\u00edtico Revoluci\u00f3n Ciudadana (RC) a\u00fan&#8230;<\/p>\n","protected":false},"author":1,"featured_media":15893,"comment_status":"open","ping_status":"open","sticky":false,"template":"","format":"standard","meta":{"footnotes":""},"categories":[7,1],"tags":[],"class_list":["post-15891","post","type-post","status-publish","format-standard","has-post-thumbnail","hentry","category-ecuador","category-inicio"],"_links":{"self":[{"href":"https:\/\/www.lodelmomentoloja.com\/index.php?rest_route=\/wp\/v2\/posts\/15891"}],"collection":[{"href":"https:\/\/www.lodelmomentoloja.com\/index.php?rest_route=\/wp\/v2\/posts"}],"about":[{"href":"https:\/\/www.lodelmomentoloja.com\/index.php?rest_route=\/wp\/v2\/types\/post"}],"author":[{"embeddable":true,"href":"https:\/\/www.lodelmomentoloja.com\/index.php?rest_route=\/wp\/v2\/users\/1"}],"replies":[{"embeddable":true,"href":"https:\/\/www.lodelmomentoloja.com\/index.php?rest_route=%2Fwp%2Fv2%2Fcomments&post=15891"}],"version-history":[{"count":2,"href":"https:\/\/www.lodelmomentoloja.com\/index.php?rest_route=\/wp\/v2\/posts\/15891\/revisions"}],"predecessor-version":[{"id":15895,"href":"https:\/\/www.lodelmomentoloja.com\/index.php?rest_route=\/wp\/v2\/posts\/15891\/revisions\/15895"}],"wp:featuredmedia":[{"embeddable":true,"href":"https:\/\/www.lodelmomentoloja.com\/index.php?rest_route=\/wp\/v2\/media\/15893"}],"wp:attachment":[{"href":"https:\/\/www.lodelmomentoloja.com\/index.php?rest_route=%2Fwp%2Fv2%2Fmedia&parent=15891"}],"wp:term":[{"taxonomy":"category","embeddable":true,"href":"https:\/\/www.lodelmomentoloja.com\/index.php?rest_route=%2Fwp%2Fv2%2Fcategories&post=15891"},{"taxonomy":"post_tag","embeddable":true,"href":"https:\/\/www.lodelmomentoloja.com\/index.php?rest_route=%2Fwp%2Fv2%2Ftags&post=15891"}],"curies":[{"name":"wp","href":"https:\/\/api.w.org\/{rel}","templated":true}]}}