{"id":15867,"date":"2023-05-29T07:30:00","date_gmt":"2023-05-29T07:30:00","guid":{"rendered":"https:\/\/www.lodelmomentoloja.com\/?p=15867"},"modified":"2023-05-29T12:58:27","modified_gmt":"2023-05-29T12:58:27","slug":"primer-caso-de-variante-xbb-1-16-de-sars-cov-2-en-ecuador","status":"publish","type":"post","link":"https:\/\/www.lodelmomentoloja.com\/?p=15867","title":{"rendered":"Primer caso de variante XBB.1.16 de SARS-CoV-2 en Ecuador"},"content":{"rendered":"<p class=\"western\">Mediante un comunicado oficial del Ministerio de Salud P\u00fablica del Ecuador en la ma\u00f1ana del domingo 28 de mayo, desde el laboratorio del Instituto Nacional de Investigaci\u00f3n en Salud P\u00fablica (INSPI) report\u00f3 el primer caso de la nueva variante del sublinaje de SARS-CoV-2 XBB.1.16 en una paciente de Quito, quien al momento se encuentra sin sintomatolog\u00eda.<\/p>\n<p class=\"western\">En este comunicado expresa que la Organizaci\u00f3n Mundial de la Salud que el riesgo de <strong>la variante XBB.1.16 es bajo, enfatizando que en pa\u00edses como Guatemala, Vhile y Brasil tambi\u00e9n cuenta con casos, sin embargo,<\/strong> Este sublinaje fue detectado, por primera vez, en enero del 2023 en India donde se registra una prevalencia del (80%)\u201d.<\/p>\n<p><img loading=\"lazy\" decoding=\"async\" class=\"alignnone wp-image-15868 \" src=\"http:\/\/www.lodelmomentoloja.com\/wp-content\/uploads\/2023\/05\/Sin-titulo-1-724x1024.jpg\" alt=\"\" width=\"530\" height=\"749\" srcset=\"https:\/\/www.lodelmomentoloja.com\/wp-content\/uploads\/2023\/05\/Sin-titulo-1-724x1024.jpg 724w, https:\/\/www.lodelmomentoloja.com\/wp-content\/uploads\/2023\/05\/Sin-titulo-1-212x300.jpg 212w, https:\/\/www.lodelmomentoloja.com\/wp-content\/uploads\/2023\/05\/Sin-titulo-1-640x905.jpg 640w, https:\/\/www.lodelmomentoloja.com\/wp-content\/uploads\/2023\/05\/Sin-titulo-1.jpg 764w\" sizes=\"(max-width: 530px) 100vw, 530px\" \/><\/p>\n<p>&nbsp;<\/p>\n<p class=\"western\">\u201cAnte la presencia de s\u00edntomas, el MSP\u00a0<strong>recomienda a la poblaci\u00f3n el uso de mascarilla,<\/strong>\u00a0no automedicarse y acudir al centro de salud m\u00e1s cercano\u201d, se indic\u00f3.<\/p>\n<p>&nbsp;<\/p>\n<p><em>S\u00edguenos #LDMnoticias \u00f3 #lodelmomentolojaLDM<\/em><\/p>\n","protected":false},"excerpt":{"rendered":"<p>Mediante un comunicado oficial del Ministerio de Salud P\u00fablica del Ecuador en la ma\u00f1ana del&#8230;<\/p>\n","protected":false},"author":1,"featured_media":15869,"comment_status":"open","ping_status":"open","sticky":false,"template":"","format":"standard","meta":{"footnotes":""},"categories":[7,1],"tags":[],"class_list":["post-15867","post","type-post","status-publish","format-standard","has-post-thumbnail","hentry","category-ecuador","category-inicio"],"_links":{"self":[{"href":"https:\/\/www.lodelmomentoloja.com\/index.php?rest_route=\/wp\/v2\/posts\/15867"}],"collection":[{"href":"https:\/\/www.lodelmomentoloja.com\/index.php?rest_route=\/wp\/v2\/posts"}],"about":[{"href":"https:\/\/www.lodelmomentoloja.com\/index.php?rest_route=\/wp\/v2\/types\/post"}],"author":[{"embeddable":true,"href":"https:\/\/www.lodelmomentoloja.com\/index.php?rest_route=\/wp\/v2\/users\/1"}],"replies":[{"embeddable":true,"href":"https:\/\/www.lodelmomentoloja.com\/index.php?rest_route=%2Fwp%2Fv2%2Fcomments&post=15867"}],"version-history":[{"count":1,"href":"https:\/\/www.lodelmomentoloja.com\/index.php?rest_route=\/wp\/v2\/posts\/15867\/revisions"}],"predecessor-version":[{"id":15870,"href":"https:\/\/www.lodelmomentoloja.com\/index.php?rest_route=\/wp\/v2\/posts\/15867\/revisions\/15870"}],"wp:featuredmedia":[{"embeddable":true,"href":"https:\/\/www.lodelmomentoloja.com\/index.php?rest_route=\/wp\/v2\/media\/15869"}],"wp:attachment":[{"href":"https:\/\/www.lodelmomentoloja.com\/index.php?rest_route=%2Fwp%2Fv2%2Fmedia&parent=15867"}],"wp:term":[{"taxonomy":"category","embeddable":true,"href":"https:\/\/www.lodelmomentoloja.com\/index.php?rest_route=%2Fwp%2Fv2%2Fcategories&post=15867"},{"taxonomy":"post_tag","embeddable":true,"href":"https:\/\/www.lodelmomentoloja.com\/index.php?rest_route=%2Fwp%2Fv2%2Ftags&post=15867"}],"curies":[{"name":"wp","href":"https:\/\/api.w.org\/{rel}","templated":true}]}}