{"id":15817,"date":"2023-05-24T04:00:52","date_gmt":"2023-05-24T04:00:52","guid":{"rendered":"https:\/\/www.lodelmomentoloja.com\/?p=15817"},"modified":"2023-05-24T14:50:53","modified_gmt":"2023-05-24T14:50:53","slug":"guillermo-lasso-cumple-dos-anos-de-gobierno","status":"publish","type":"post","link":"https:\/\/www.lodelmomentoloja.com\/?p=15817","title":{"rendered":"Guillermo Lasso cumple dos a\u00f1os de gobierno."},"content":{"rendered":"<p>&nbsp;<\/p>\n<p>\u00bfC\u00f3mo est\u00e1n las expectativas y evoluci\u00f3n de los datos durante estos dos a\u00f1os de gobierno?<\/p>\n<p>La empresa Perfiles de Opini\u00f3n contin\u00faa en la exposici\u00f3n de cifras de varios eventos relacionados a la coyuntura social y pol\u00edtica del Ecuador, en esta ocasi\u00f3n, ha realizado una nueva encuesta para consultarle a los ciudadanos sobre las expectativas que actualmente y los pr\u00f3ximos a\u00f1os en temas de econom\u00eda, pol\u00edtica e inseguridad, arrojando datos muy bajos con respecto a los que manten\u00eda el actual presidente Guillermo Lasso al inicio de su periodo hace unos dos a\u00f1os atr\u00e1s.<\/p>\n<p>&nbsp;<\/p>\n<h4>SOBRE EL CAMINO CORRECTO O EQUIVOCADO DEL ECUADOR.<\/h4>\n<p>Del 53,52% en mayo 2021 a un 3,37% a mayo 2023, es lo que la gente dice, una ca\u00edda de 50 puntos en menos de dos a\u00f1os de gobierno.<\/p>\n<p><img loading=\"lazy\" decoding=\"async\" class=\"alignnone wp-image-15818 size-large\" src=\"http:\/\/www.lodelmomentoloja.com\/wp-content\/uploads\/2023\/05\/1-1024x576.jpg\" alt=\"\" width=\"640\" height=\"360\" srcset=\"https:\/\/www.lodelmomentoloja.com\/wp-content\/uploads\/2023\/05\/1-1024x576.jpg 1024w, https:\/\/www.lodelmomentoloja.com\/wp-content\/uploads\/2023\/05\/1-300x169.jpg 300w, https:\/\/www.lodelmomentoloja.com\/wp-content\/uploads\/2023\/05\/1-768x432.jpg 768w, https:\/\/www.lodelmomentoloja.com\/wp-content\/uploads\/2023\/05\/1-640x360.jpg 640w, https:\/\/www.lodelmomentoloja.com\/wp-content\/uploads\/2023\/05\/1.jpg 1366w\" sizes=\"(max-width: 640px) 100vw, 640px\" \/><\/p>\n<p>&nbsp;<\/p>\n<h4>SOBRE LA SITUACI\u00d3N POL\u00cdTICA<\/h4>\n<p>La situaci\u00f3n pol\u00edtica no es diferente al item anterior, as\u00ed mismo, los ciudadanos que en mayo 2021 ten\u00edan una expectativa del 42,98% de la situaci\u00f3n pol\u00edtica en vista de mejoras, hoy, en mayo 2023 ese porcentaje baja a 5,73%, con datos en completa descendencia.<\/p>\n<p><img loading=\"lazy\" decoding=\"async\" class=\"alignnone wp-image-15819 size-large\" src=\"http:\/\/www.lodelmomentoloja.com\/wp-content\/uploads\/2023\/05\/2-1024x576.jpg\" alt=\"\" width=\"640\" height=\"360\" srcset=\"https:\/\/www.lodelmomentoloja.com\/wp-content\/uploads\/2023\/05\/2-1024x576.jpg 1024w, https:\/\/www.lodelmomentoloja.com\/wp-content\/uploads\/2023\/05\/2-300x169.jpg 300w, https:\/\/www.lodelmomentoloja.com\/wp-content\/uploads\/2023\/05\/2-768x432.jpg 768w, https:\/\/www.lodelmomentoloja.com\/wp-content\/uploads\/2023\/05\/2-640x360.jpg 640w, https:\/\/www.lodelmomentoloja.com\/wp-content\/uploads\/2023\/05\/2.jpg 1366w\" sizes=\"(max-width: 640px) 100vw, 640px\" \/><\/p>\n<p>&nbsp;<\/p>\n<h4>SOBRE LA SITUACI\u00d3N ECON\u00d3MICA.<\/h4>\n<p>La parte econ\u00f3mica los ecuatorianos la perciben cada vez peor, de la misma manera, del 42,57% en mayo 2021 que ten\u00eda, ahora baja al 4,51% en dos a\u00f1os.<\/p>\n<p><img loading=\"lazy\" decoding=\"async\" class=\"alignnone wp-image-15820 size-large\" src=\"http:\/\/www.lodelmomentoloja.com\/wp-content\/uploads\/2023\/05\/3-1024x576.jpg\" alt=\"\" width=\"640\" height=\"360\" srcset=\"https:\/\/www.lodelmomentoloja.com\/wp-content\/uploads\/2023\/05\/3-1024x576.jpg 1024w, https:\/\/www.lodelmomentoloja.com\/wp-content\/uploads\/2023\/05\/3-300x169.jpg 300w, https:\/\/www.lodelmomentoloja.com\/wp-content\/uploads\/2023\/05\/3-768x432.jpg 768w, https:\/\/www.lodelmomentoloja.com\/wp-content\/uploads\/2023\/05\/3-640x360.jpg 640w, https:\/\/www.lodelmomentoloja.com\/wp-content\/uploads\/2023\/05\/3.jpg 1366w\" sizes=\"(max-width: 640px) 100vw, 640px\" \/><\/p>\n<p>&nbsp;<\/p>\n<h4>SOBRE LA INSEGURIDAD.<\/h4>\n<p>Un tema que m\u00e1s preocupa y que en cifras es el \u00fanico que asciende pero de manera negativa es la proyecci\u00f3n que le ven a la inseguridad del Ecuador, dejando un 37,84% del 29 de mayo 2021 al 80,84% en mayo 2023.<\/p>\n<p><img loading=\"lazy\" decoding=\"async\" class=\"alignnone wp-image-15821 size-large\" src=\"http:\/\/www.lodelmomentoloja.com\/wp-content\/uploads\/2023\/05\/4-1024x576.jpg\" alt=\"\" width=\"640\" height=\"360\" srcset=\"https:\/\/www.lodelmomentoloja.com\/wp-content\/uploads\/2023\/05\/4-1024x576.jpg 1024w, https:\/\/www.lodelmomentoloja.com\/wp-content\/uploads\/2023\/05\/4-300x169.jpg 300w, https:\/\/www.lodelmomentoloja.com\/wp-content\/uploads\/2023\/05\/4-768x432.jpg 768w, https:\/\/www.lodelmomentoloja.com\/wp-content\/uploads\/2023\/05\/4-640x360.jpg 640w, https:\/\/www.lodelmomentoloja.com\/wp-content\/uploads\/2023\/05\/4.jpg 1366w\" sizes=\"(max-width: 640px) 100vw, 640px\" \/><\/p>\n<p>&nbsp;<\/p>\n<p>Informaci\u00f3n que fue publicada el d\u00eda de hoy, 24 de mayo 2023 en su portal de twitter y poder ser puesta a ordenes de la opini\u00f3n p\u00fablica.<\/p>\n<blockquote class=\"twitter-tweet\" data-width=\"550\" data-dnt=\"true\">\n<p lang=\"es\" dir=\"ltr\">El gobierno del Presidente <a href=\"https:\/\/twitter.com\/LassoGuillermo?ref_src=twsrc%5Etfw\">@LassoGuillermo<\/a> cumple 2 a\u00f1os en gesti\u00f3n. Revisemos las principales cifras de expectativas seg\u00fan nuestras mediciones <a href=\"https:\/\/twitter.com\/hashtag\/Ecuador?src=hash&amp;ref_src=twsrc%5Etfw\">#Ecuador<\/a> \ud83e\uddf5<\/p>\n<p>&mdash; Perfiles de Opini\u00f3n (@PerfilesOpinion) <a href=\"https:\/\/twitter.com\/PerfilesOpinion\/status\/1661367699467907078?ref_src=twsrc%5Etfw\">May 24, 2023<\/a><\/p><\/blockquote>\n<p><script async src=\"https:\/\/platform.twitter.com\/widgets.js\" charset=\"utf-8\"><\/script><\/p>\n<p><em>S\u00edguenos #LDMnoticias \u00f3 #lodelmomentolojaLDM<\/em><\/p>\n","protected":false},"excerpt":{"rendered":"<p>&nbsp; \u00bfC\u00f3mo est\u00e1n las expectativas y evoluci\u00f3n de los datos durante estos dos a\u00f1os de&#8230;<\/p>\n","protected":false},"author":1,"featured_media":15822,"comment_status":"open","ping_status":"open","sticky":false,"template":"","format":"standard","meta":{"footnotes":""},"categories":[7,1],"tags":[],"class_list":["post-15817","post","type-post","status-publish","format-standard","has-post-thumbnail","hentry","category-ecuador","category-inicio"],"_links":{"self":[{"href":"https:\/\/www.lodelmomentoloja.com\/index.php?rest_route=\/wp\/v2\/posts\/15817"}],"collection":[{"href":"https:\/\/www.lodelmomentoloja.com\/index.php?rest_route=\/wp\/v2\/posts"}],"about":[{"href":"https:\/\/www.lodelmomentoloja.com\/index.php?rest_route=\/wp\/v2\/types\/post"}],"author":[{"embeddable":true,"href":"https:\/\/www.lodelmomentoloja.com\/index.php?rest_route=\/wp\/v2\/users\/1"}],"replies":[{"embeddable":true,"href":"https:\/\/www.lodelmomentoloja.com\/index.php?rest_route=%2Fwp%2Fv2%2Fcomments&post=15817"}],"version-history":[{"count":1,"href":"https:\/\/www.lodelmomentoloja.com\/index.php?rest_route=\/wp\/v2\/posts\/15817\/revisions"}],"predecessor-version":[{"id":15823,"href":"https:\/\/www.lodelmomentoloja.com\/index.php?rest_route=\/wp\/v2\/posts\/15817\/revisions\/15823"}],"wp:featuredmedia":[{"embeddable":true,"href":"https:\/\/www.lodelmomentoloja.com\/index.php?rest_route=\/wp\/v2\/media\/15822"}],"wp:attachment":[{"href":"https:\/\/www.lodelmomentoloja.com\/index.php?rest_route=%2Fwp%2Fv2%2Fmedia&parent=15817"}],"wp:term":[{"taxonomy":"category","embeddable":true,"href":"https:\/\/www.lodelmomentoloja.com\/index.php?rest_route=%2Fwp%2Fv2%2Fcategories&post=15817"},{"taxonomy":"post_tag","embeddable":true,"href":"https:\/\/www.lodelmomentoloja.com\/index.php?rest_route=%2Fwp%2Fv2%2Ftags&post=15817"}],"curies":[{"name":"wp","href":"https:\/\/api.w.org\/{rel}","templated":true}]}}