{"id":15780,"date":"2023-05-22T12:10:45","date_gmt":"2023-05-22T12:10:45","guid":{"rendered":"https:\/\/www.lodelmomentoloja.com\/?p=15780"},"modified":"2023-05-22T17:16:31","modified_gmt":"2023-05-22T17:16:31","slug":"cne-unificara-consulta-popular-y-elecciones","status":"publish","type":"post","link":"https:\/\/www.lodelmomentoloja.com\/?p=15780","title":{"rendered":"CNE unificar\u00e1 consulta popular y elecciones"},"content":{"rendered":"<p>En sesi\u00f3n del Pleno el CNE aprob\u00f3 con <strong>cuatro votos a favor y una abstenci\u00f3n<\/strong>\u00a0el informe de la Coordinaci\u00f3n Nacional T\u00e9cnica de Procesos Electorales y la resoluci\u00f3n sobre las Elecciones Presidenciales y Legislativas y Consulta Popular Yasun\u00ed 2023.<\/p>\n<p>Sin embargo, esta decisi\u00f3n est\u00e1 sujeta a la\u00a0<strong>resoluci\u00f3n de constitucionalidad<\/strong>\u00a0por parte de la Corte.<\/p>\n<p>Seg\u00fan se detall\u00f3 en la sesi\u00f3n del Pleno, el\u00a0<strong>objetivo\u00a0<\/strong>de unificar los dos procesos se debe al poco tiempo que existe para planificar y ejecutar las elecciones presidenciales y legislativas, y la consulta popular Yasun\u00ed 2023.<\/p>\n<p>Aunque dicha consulta, estaba previsto para el mes de Julio, ahora se estipula que ambos procesos electorales para el 20 Agosto.<\/p>\n<p>Declaraciones de la presidenta del CNE<\/p>\n<p>\ud83d\udc49\ud83c\udffc https:\/\/twitter.com\/DianaAtamaint\/status\/1660647348723220487<\/p>\n<p>&nbsp;<\/p>\n<p>&nbsp;<\/p>\n","protected":false},"excerpt":{"rendered":"<p>En sesi\u00f3n del Pleno el CNE aprob\u00f3 con cuatro votos a favor y una abstenci\u00f3n\u00a0el&#8230;<\/p>\n","protected":false},"author":1,"featured_media":15781,"comment_status":"open","ping_status":"open","sticky":false,"template":"","format":"standard","meta":{"footnotes":""},"categories":[7,1],"tags":[],"class_list":["post-15780","post","type-post","status-publish","format-standard","has-post-thumbnail","hentry","category-ecuador","category-inicio"],"_links":{"self":[{"href":"https:\/\/www.lodelmomentoloja.com\/index.php?rest_route=\/wp\/v2\/posts\/15780"}],"collection":[{"href":"https:\/\/www.lodelmomentoloja.com\/index.php?rest_route=\/wp\/v2\/posts"}],"about":[{"href":"https:\/\/www.lodelmomentoloja.com\/index.php?rest_route=\/wp\/v2\/types\/post"}],"author":[{"embeddable":true,"href":"https:\/\/www.lodelmomentoloja.com\/index.php?rest_route=\/wp\/v2\/users\/1"}],"replies":[{"embeddable":true,"href":"https:\/\/www.lodelmomentoloja.com\/index.php?rest_route=%2Fwp%2Fv2%2Fcomments&post=15780"}],"version-history":[{"count":1,"href":"https:\/\/www.lodelmomentoloja.com\/index.php?rest_route=\/wp\/v2\/posts\/15780\/revisions"}],"predecessor-version":[{"id":15782,"href":"https:\/\/www.lodelmomentoloja.com\/index.php?rest_route=\/wp\/v2\/posts\/15780\/revisions\/15782"}],"wp:featuredmedia":[{"embeddable":true,"href":"https:\/\/www.lodelmomentoloja.com\/index.php?rest_route=\/wp\/v2\/media\/15781"}],"wp:attachment":[{"href":"https:\/\/www.lodelmomentoloja.com\/index.php?rest_route=%2Fwp%2Fv2%2Fmedia&parent=15780"}],"wp:term":[{"taxonomy":"category","embeddable":true,"href":"https:\/\/www.lodelmomentoloja.com\/index.php?rest_route=%2Fwp%2Fv2%2Fcategories&post=15780"},{"taxonomy":"post_tag","embeddable":true,"href":"https:\/\/www.lodelmomentoloja.com\/index.php?rest_route=%2Fwp%2Fv2%2Ftags&post=15780"}],"curies":[{"name":"wp","href":"https:\/\/api.w.org\/{rel}","templated":true}]}}