{"id":15738,"date":"2023-05-18T11:46:09","date_gmt":"2023-05-18T11:46:09","guid":{"rendered":"https:\/\/www.lodelmomentoloja.com\/?p=15738"},"modified":"2023-05-18T16:48:13","modified_gmt":"2023-05-18T16:48:13","slug":"cne-con-tiempo-limite-para-elecciones-2023","status":"publish","type":"post","link":"https:\/\/www.lodelmomentoloja.com\/?p=15738","title":{"rendered":"CNE con tiempo l\u00edmite para elecciones 2023"},"content":{"rendered":"<p>CNE tiene el 20 de agosto como fecha tentativa para realizar elecciones generales anticipadas.<\/p>\n<p>La presidenta del Consejo Nacional Electoral (CNE), Diana Atamaint, indic\u00f3 en entrevistas concedidas a distintos medios de comunicaci\u00f3n, la ma\u00f1ana de este jueves, 18 de mayo, que el 20 de agosto es la fecha tentativa para realizar las elecciones generales anticipadas tras la muerte cruzada decretada por el presidente Guillermo Lasso un d\u00eda antes.<\/p>\n<p>Las fechas oficiales para la primera y segunda vuelta electoral deben ser a\u00fan aprobadas por el pleno del CNE, y el calendario definitivo debe ser anunciado m\u00e1ximo hasta el 24 de mayo, seg\u00fan el plazo de siete d\u00edas que la instituci\u00f3n tiene para convocar a las elecciones presidenciales y legislativas.<\/p>\n<p>Atamaint anunci\u00f3 tambi\u00e9n que para la segunda vuelta no se podr\u00e1 esperar mucho tiempo y estima que sea a mediados de octubre. Reiter\u00f3 que los plazos para estos comicios no ser\u00e1n como en un caso normal y, por ello, se utilizar\u00e1 el padr\u00f3n electoral de las elecciones seccionales. Sin embargo, enfatiz\u00f3 que no se saltar\u00e1 ninguno de los hitos que contempla un proceso electoral y preelectoral.<\/p>\n<p>Se prev\u00e9 que la campa\u00f1a electoral solo dure quince d\u00edas y que el debate se lleve cabo al inicio de ella.<\/p>\n<p>El CNE tiene pendientes tambi\u00e9n otros procesos electorales que deber\u00e1n cumplirse y podr\u00edan coincidir con este proceso, como la consulta del Choc\u00f3 Andino, la consulta nacional de Yasun\u00ed y las nuevas elecciones de Calacal\u00ed.<\/p>\n<p>Una vez que se convoque a elecciones, el CNE se convierte en la m\u00e1xima autoridad del pa\u00eds. En las recientes reformas al C\u00f3digo de la Democracia se introdujo una disposici\u00f3n general que determina que el \u201cperiodo electoral es el ciclo electoral que integra todas las actividades y operaciones que se desarrollan de manera ordenada durante un lapso de tiempo dentro de las etapas preelectoral, electoral y postelectoral\u201d.<\/p>\n<p>A esto se suma que los art\u00edculos 16 y 17 de la norma precisan que \u201cninguna autoridad extra\u00f1a podr\u00e1 intervenir directa o indirectamente en el desarrollo de los procesos electorales ni en el funcionamiento de sus \u00f3rganos electorales\u201d.<\/p>\n<p>Con esto, el CNE y el Tribunal Contencioso Electoral (TCE) ser\u00e1n las m\u00e1ximas autoridades durante la organizaci\u00f3n de las elecciones, lo que complica cualquier pronunciamiento que pueda llegar a emitir la Corte Constitucional sobre el decreto de muerte cruzada.<\/p>\n<p>V\u00eda: El Universo.<\/p>\n<p>#LDMnoticias #lodelmomentolojaLDM<\/p>\n","protected":false},"excerpt":{"rendered":"<p>CNE tiene el 20 de agosto como fecha tentativa para realizar elecciones generales anticipadas. La&#8230;<\/p>\n","protected":false},"author":1,"featured_media":15739,"comment_status":"open","ping_status":"open","sticky":false,"template":"","format":"standard","meta":{"footnotes":""},"categories":[7,1],"tags":[],"class_list":["post-15738","post","type-post","status-publish","format-standard","has-post-thumbnail","hentry","category-ecuador","category-inicio"],"_links":{"self":[{"href":"https:\/\/www.lodelmomentoloja.com\/index.php?rest_route=\/wp\/v2\/posts\/15738"}],"collection":[{"href":"https:\/\/www.lodelmomentoloja.com\/index.php?rest_route=\/wp\/v2\/posts"}],"about":[{"href":"https:\/\/www.lodelmomentoloja.com\/index.php?rest_route=\/wp\/v2\/types\/post"}],"author":[{"embeddable":true,"href":"https:\/\/www.lodelmomentoloja.com\/index.php?rest_route=\/wp\/v2\/users\/1"}],"replies":[{"embeddable":true,"href":"https:\/\/www.lodelmomentoloja.com\/index.php?rest_route=%2Fwp%2Fv2%2Fcomments&post=15738"}],"version-history":[{"count":1,"href":"https:\/\/www.lodelmomentoloja.com\/index.php?rest_route=\/wp\/v2\/posts\/15738\/revisions"}],"predecessor-version":[{"id":15740,"href":"https:\/\/www.lodelmomentoloja.com\/index.php?rest_route=\/wp\/v2\/posts\/15738\/revisions\/15740"}],"wp:featuredmedia":[{"embeddable":true,"href":"https:\/\/www.lodelmomentoloja.com\/index.php?rest_route=\/wp\/v2\/media\/15739"}],"wp:attachment":[{"href":"https:\/\/www.lodelmomentoloja.com\/index.php?rest_route=%2Fwp%2Fv2%2Fmedia&parent=15738"}],"wp:term":[{"taxonomy":"category","embeddable":true,"href":"https:\/\/www.lodelmomentoloja.com\/index.php?rest_route=%2Fwp%2Fv2%2Fcategories&post=15738"},{"taxonomy":"post_tag","embeddable":true,"href":"https:\/\/www.lodelmomentoloja.com\/index.php?rest_route=%2Fwp%2Fv2%2Ftags&post=15738"}],"curies":[{"name":"wp","href":"https:\/\/api.w.org\/{rel}","templated":true}]}}