{"id":15656,"date":"2023-05-12T09:32:15","date_gmt":"2023-05-12T09:32:15","guid":{"rendered":"https:\/\/www.lodelmomentoloja.com\/?p=15656"},"modified":"2023-05-12T14:38:18","modified_gmt":"2023-05-12T14:38:18","slug":"autoridades-listos-para-su-posesion-periodo-2023-2027","status":"publish","type":"post","link":"https:\/\/www.lodelmomentoloja.com\/?p=15656","title":{"rendered":"Autoridades listos para su posesi\u00f3n (periodo 2023 &#8211; 2027)"},"content":{"rendered":"<p>AUTORIDADES DE LA PROVINCIA DE LOJA SE POSESIONAN PARA EL PERIODO 2023-2027.<\/p>\n<p>El tiempo ha culminado para las autoridades salientes y es el turno de las nuevas autoridades que ganaron mediante voto popular del \u00faltimo proceso electoral 2023, este domingo 14 de mayo del 2023, es la fecha que deben posesionarse varias autoridades para dar inicio al periodo 2023-2027.<\/p>\n<p>Seg\u00fan el art. 91 del C\u00f3digo de la Democracia expresa que los prefectos, viceprefectos provinciales, alcaldes distritales y municipales, los concejales distritales y municipales, y los vocales de las Juntas Parroquiales Rurales se posesionar\u00e1n y entrar\u00e1n en funciones el 14 de mayo del a\u00f1o de su elecci\u00f3n. En esta ocasi\u00f3n, ejercen sus cargos desde este domingo de manera oficial.<\/p>\n<p>Sin embargo, muchos de ellos aprovechar\u00e1n este domingo para realizar diferentes actos, cada autoridad con su estilo y claro mensaje de como llevar\u00e1n las riendas de las administraciones municipales, parroquiales y la provincial.<\/p>\n<p>Posesi\u00f3n de Franco Quezada<br \/>\nEn cuanto a los alcaldes de los 16 cantones de la provincia de Loja realizar\u00e1n sus actos el mismo domingo, como es el caso de Franco Quezada, alcalde electo del cant\u00f3n Loja, realizar\u00e1 varios eventos de integraci\u00f3n ciudadana desde tempranas horas de la ma\u00f1ana y en los exteriores del Parque Central, un acto que no se hab\u00eda desarrollado de similar forma en los \u00faltimos 30 a\u00f1os ya que habitualmente lo hac\u00edan al interno del Sal\u00f3n del Cabildo.<\/p>\n<p>Posesi\u00f3n de Julio Bustamante.<br \/>\nEl alcalde electo del cant\u00f3n Celica har\u00e1 lo mismo que los dem\u00e1s alcaldes, este domingo tiene planteada una programaci\u00f3n desde las 13h00 mediante una misa de acci\u00f3n de gracias, posteriormente una sesi\u00f3n inaugural a las 14h30 y cerrar\u00e1 con una serenata a la madre a las 16h00, los dos \u00faltimos en el Coliseo Ciudad de Celica.<\/p>\n<p>Posesi\u00f3n de Mario Mancino.<br \/>\nA diferencia de los alcaldes, el Prefecto electo de la provincia de Loja Mario Mancino, realizar\u00e1 su acto de posesi\u00f3n el d\u00eda mi\u00e9rcoles 17 de mayo 2023 en el sal\u00f3n de la provincia de Loja desde las 16h00, sin embargo, pese a ser m\u00e1s tarde este acto, comenzar\u00e1 sus labores desde el d\u00eda lunes. A decir de los acompa\u00f1antes de la autoridad entrante, esta fecha la realizan en virtud que los dem\u00e1s cantones lo har\u00e1n este domingo y para no cruzarse en fecha lo har\u00e1 en los d\u00edas mencionado.<\/p>\n<p>Las nuevas autoridades iniciar\u00e1n sus periodos buscan cambiar muchas realidades que las autoridades salientes no han podido solucionar, esto, en medio de una inestabilidad pol\u00edtica, econ\u00f3mica y hasta social por la que vive el Ecuador y la provincia de Loja.<\/p>\n<p>S\u00edguenos #LDMnoticias \u00f3 #lodelmomentolojaLDM<\/p>\n","protected":false},"excerpt":{"rendered":"<p>AUTORIDADES DE LA PROVINCIA DE LOJA SE POSESIONAN PARA EL PERIODO 2023-2027. El tiempo ha&#8230;<\/p>\n","protected":false},"author":1,"featured_media":15657,"comment_status":"open","ping_status":"open","sticky":false,"template":"","format":"standard","meta":{"footnotes":""},"categories":[7,1,5],"tags":[],"class_list":["post-15656","post","type-post","status-publish","format-standard","has-post-thumbnail","hentry","category-ecuador","category-inicio","category-loja"],"_links":{"self":[{"href":"https:\/\/www.lodelmomentoloja.com\/index.php?rest_route=\/wp\/v2\/posts\/15656"}],"collection":[{"href":"https:\/\/www.lodelmomentoloja.com\/index.php?rest_route=\/wp\/v2\/posts"}],"about":[{"href":"https:\/\/www.lodelmomentoloja.com\/index.php?rest_route=\/wp\/v2\/types\/post"}],"author":[{"embeddable":true,"href":"https:\/\/www.lodelmomentoloja.com\/index.php?rest_route=\/wp\/v2\/users\/1"}],"replies":[{"embeddable":true,"href":"https:\/\/www.lodelmomentoloja.com\/index.php?rest_route=%2Fwp%2Fv2%2Fcomments&post=15656"}],"version-history":[{"count":1,"href":"https:\/\/www.lodelmomentoloja.com\/index.php?rest_route=\/wp\/v2\/posts\/15656\/revisions"}],"predecessor-version":[{"id":15658,"href":"https:\/\/www.lodelmomentoloja.com\/index.php?rest_route=\/wp\/v2\/posts\/15656\/revisions\/15658"}],"wp:featuredmedia":[{"embeddable":true,"href":"https:\/\/www.lodelmomentoloja.com\/index.php?rest_route=\/wp\/v2\/media\/15657"}],"wp:attachment":[{"href":"https:\/\/www.lodelmomentoloja.com\/index.php?rest_route=%2Fwp%2Fv2%2Fmedia&parent=15656"}],"wp:term":[{"taxonomy":"category","embeddable":true,"href":"https:\/\/www.lodelmomentoloja.com\/index.php?rest_route=%2Fwp%2Fv2%2Fcategories&post=15656"},{"taxonomy":"post_tag","embeddable":true,"href":"https:\/\/www.lodelmomentoloja.com\/index.php?rest_route=%2Fwp%2Fv2%2Ftags&post=15656"}],"curies":[{"name":"wp","href":"https:\/\/api.w.org\/{rel}","templated":true}]}}