{"id":15596,"date":"2023-05-09T11:04:49","date_gmt":"2023-05-09T11:04:49","guid":{"rendered":"https:\/\/www.lodelmomentoloja.com\/?p=15596"},"modified":"2023-05-09T16:06:39","modified_gmt":"2023-05-09T16:06:39","slug":"izquierda-democratica-se-abstiene-en-juicio-politico-de-guillermo-lasso","status":"publish","type":"post","link":"https:\/\/www.lodelmomentoloja.com\/?p=15596","title":{"rendered":"Izquierda Democr\u00e1tica se abstiene en juicio pol\u00edtico de Guillermo Lasso"},"content":{"rendered":"<p>\ud83e\udee3\ud83d\udc40\ud83e\udd19 \u00a1Mejor nos hacemos los locos! Mediante un decreto, el partido pol\u00edtico Izquierda Democr\u00e1tica (ID) resolvi\u00f3 en el Art.1, disponer que las y los asamble\u00edstas de la bancada legislativa voten en abstenci\u00f3n, respecto a la continuaci\u00f3n del proceso de enjuiciamiento pol\u00edtico al Presidente Guillermo Lasso.<\/p>\n<p><img loading=\"lazy\" decoding=\"async\" class=\"alignnone size-medium wp-image-15597\" src=\"http:\/\/www.lodelmomentoloja.com\/wp-content\/uploads\/2023\/05\/IMG-20230509-WA0011-300x237.jpg\" alt=\"\" width=\"300\" height=\"237\" srcset=\"https:\/\/www.lodelmomentoloja.com\/wp-content\/uploads\/2023\/05\/IMG-20230509-WA0011-300x237.jpg 300w, https:\/\/www.lodelmomentoloja.com\/wp-content\/uploads\/2023\/05\/IMG-20230509-WA0011-1024x809.jpg 1024w, https:\/\/www.lodelmomentoloja.com\/wp-content\/uploads\/2023\/05\/IMG-20230509-WA0011-768x607.jpg 768w, https:\/\/www.lodelmomentoloja.com\/wp-content\/uploads\/2023\/05\/IMG-20230509-WA0011-640x506.jpg 640w, https:\/\/www.lodelmomentoloja.com\/wp-content\/uploads\/2023\/05\/IMG-20230509-WA0011-1536x1213.jpg 1536w, https:\/\/www.lodelmomentoloja.com\/wp-content\/uploads\/2023\/05\/IMG-20230509-WA0011.jpg 1600w\" sizes=\"(max-width: 300px) 100vw, 300px\" \/><\/p>\n<p>www.lodelmomentoloja.com<br \/>\n#LDMnoticias #lodelmomentolojaLDM<\/p>\n","protected":false},"excerpt":{"rendered":"<p>\ud83e\udee3\ud83d\udc40\ud83e\udd19 \u00a1Mejor nos hacemos los locos! Mediante un decreto, el partido pol\u00edtico Izquierda Democr\u00e1tica (ID)&#8230;<\/p>\n","protected":false},"author":1,"featured_media":15598,"comment_status":"open","ping_status":"open","sticky":false,"template":"","format":"standard","meta":{"footnotes":""},"categories":[7,1],"tags":[],"class_list":["post-15596","post","type-post","status-publish","format-standard","has-post-thumbnail","hentry","category-ecuador","category-inicio"],"_links":{"self":[{"href":"https:\/\/www.lodelmomentoloja.com\/index.php?rest_route=\/wp\/v2\/posts\/15596"}],"collection":[{"href":"https:\/\/www.lodelmomentoloja.com\/index.php?rest_route=\/wp\/v2\/posts"}],"about":[{"href":"https:\/\/www.lodelmomentoloja.com\/index.php?rest_route=\/wp\/v2\/types\/post"}],"author":[{"embeddable":true,"href":"https:\/\/www.lodelmomentoloja.com\/index.php?rest_route=\/wp\/v2\/users\/1"}],"replies":[{"embeddable":true,"href":"https:\/\/www.lodelmomentoloja.com\/index.php?rest_route=%2Fwp%2Fv2%2Fcomments&post=15596"}],"version-history":[{"count":1,"href":"https:\/\/www.lodelmomentoloja.com\/index.php?rest_route=\/wp\/v2\/posts\/15596\/revisions"}],"predecessor-version":[{"id":15599,"href":"https:\/\/www.lodelmomentoloja.com\/index.php?rest_route=\/wp\/v2\/posts\/15596\/revisions\/15599"}],"wp:featuredmedia":[{"embeddable":true,"href":"https:\/\/www.lodelmomentoloja.com\/index.php?rest_route=\/wp\/v2\/media\/15598"}],"wp:attachment":[{"href":"https:\/\/www.lodelmomentoloja.com\/index.php?rest_route=%2Fwp%2Fv2%2Fmedia&parent=15596"}],"wp:term":[{"taxonomy":"category","embeddable":true,"href":"https:\/\/www.lodelmomentoloja.com\/index.php?rest_route=%2Fwp%2Fv2%2Fcategories&post=15596"},{"taxonomy":"post_tag","embeddable":true,"href":"https:\/\/www.lodelmomentoloja.com\/index.php?rest_route=%2Fwp%2Fv2%2Ftags&post=15596"}],"curies":[{"name":"wp","href":"https:\/\/api.w.org\/{rel}","templated":true}]}}