{"id":15565,"date":"2023-05-08T09:05:00","date_gmt":"2023-05-08T09:05:00","guid":{"rendered":"https:\/\/www.lodelmomentoloja.com\/?p=15565"},"modified":"2023-05-08T14:07:29","modified_gmt":"2023-05-08T14:07:29","slug":"unidad-educativa-teniente-hugo-ortiz-cumple-93-anos-de-vida-institucional","status":"publish","type":"post","link":"https:\/\/www.lodelmomentoloja.com\/?p=15565","title":{"rendered":"Unidad Educativa Teniente Hugo Ortiz cumple 93 a\u00f1os de vida institucional"},"content":{"rendered":"<p>De los estudios e investigaciones realizadas sobre la historia del establecimiento, principalmente de la creaci\u00f3n de la escuela no existen datos ni el nombre que llev\u00f3 cuando se cre\u00f3.<\/p>\n<p>Se conoce que el a\u00f1o 1937, la escuela funcionaba con una profesora que era la se\u00f1ora Rosario Andrade era de tipo mixta,<br \/>\nno se conoce exactamente el a\u00f1o que le dieron a la escuela el nombre del h\u00e9roe nacional teniente Hugo Ortiz, un militar de caballer\u00eda que ofrend\u00f3 su vida defendiendo a su patria el 2 de agosto de 194.<\/p>\n<p>Se cree que en los a\u00f1os de 1943 y 1944 las autoridades educativas le nominaron a la escuela con el nombre del h\u00e9roe, porque despu\u00e9s de dos a\u00f1os los restos mortales del subteniente Hugo Ortiz, fueron llevados del oriente a Quito para depositarlos en una cripta del cuartel de caballer\u00eda D\u00e1valos se le ascendi\u00f3 al grado de teniente y se le condecor\u00f3 con la estrella Abdon Calder\u00f3n de primera clase que la recibi\u00f3 su madre.<\/p>\n<p>Para recordar a las generaciones ecuatorianas la admirable valent\u00eda de este grandioso soldado el gobierno nacional de ese tiempo recomend\u00f3 perpetuar su memoria en bustos monumentos establecimientos educativos como nuestro plantel que lleva su nombre.<\/p>\n<p>En el a\u00f1o de 1962 la escuela funcionaba en la casa parroquial del valle frente a la plaza del mismo nombre la profesora que elaboraba en la escuela era la se\u00f1orita Ang\u00e9lica Cabrera.<\/p>\n<p>En el a\u00f1o de 1968 el plantel pas\u00f3 a funcionar en el nuevo local escolar donde se encuentra hasta el d\u00eda de hoy con dos profesores la se\u00f1ora Isabel serrano como directora y la se\u00f1ora luz Lima como profesor auxiliar.<\/p>\n<p>A partir del a\u00f1o de 1970 el personal docente de la escuela se incrementa hasta que 1979 laboran en el plantel ocho profesores una profesora de manualidades y un profesor de m\u00fasica y el director En ese entonces era el licenciado Flavio Gual\u00e1n la escuela era mixta.<\/p>\n<p>En el a\u00f1o de 1981 el local escolar resultaba estrecho para el funcionamiento de nuevos paralelos entonces el director licenciado Flavio Gualan solicit\u00f3 al director provincial de ese a\u00f1o la creaci\u00f3n de la jornada vespertina para atender mejor a la ni\u00f1ez dicha solicitud fue atendida.<\/p>\n<p>En el a\u00f1o 2016 mediante acuerdo ministerial se unificaron las dos instituciones con el nombre de la escuela de educaci\u00f3n b\u00e1sica teniente Hugo Ortiz.<\/p>\n<p>En la actualidad la instituci\u00f3n educativa cuenta con una poblaci\u00f3n estudiantil de 730 estudiantes 40 docentes y 500 padres de familia distribuido en dos jornadas oferta acad\u00e9mica los subniveles educativos de inicial preparatoria elemental y media habi\u00e9ndose incrementado de forma exponencial la demanda educativa para este sector de la urbe lojana gracias a la sagrada misi\u00f3n de educar con la que este equipo docente realiza enmarcada en los est\u00e1ndares de calidad y calidez muchas gracias.<\/p>\n<p>S\u00edguenos en #LDMnoticias o #lodelmomentolojaLDM<\/p>\n","protected":false},"excerpt":{"rendered":"<p>De los estudios e investigaciones realizadas sobre la historia del establecimiento, principalmente de la creaci\u00f3n&#8230;<\/p>\n","protected":false},"author":1,"featured_media":15566,"comment_status":"open","ping_status":"open","sticky":false,"template":"","format":"standard","meta":{"footnotes":""},"categories":[7,1,5],"tags":[],"class_list":["post-15565","post","type-post","status-publish","format-standard","has-post-thumbnail","hentry","category-ecuador","category-inicio","category-loja"],"_links":{"self":[{"href":"https:\/\/www.lodelmomentoloja.com\/index.php?rest_route=\/wp\/v2\/posts\/15565"}],"collection":[{"href":"https:\/\/www.lodelmomentoloja.com\/index.php?rest_route=\/wp\/v2\/posts"}],"about":[{"href":"https:\/\/www.lodelmomentoloja.com\/index.php?rest_route=\/wp\/v2\/types\/post"}],"author":[{"embeddable":true,"href":"https:\/\/www.lodelmomentoloja.com\/index.php?rest_route=\/wp\/v2\/users\/1"}],"replies":[{"embeddable":true,"href":"https:\/\/www.lodelmomentoloja.com\/index.php?rest_route=%2Fwp%2Fv2%2Fcomments&post=15565"}],"version-history":[{"count":1,"href":"https:\/\/www.lodelmomentoloja.com\/index.php?rest_route=\/wp\/v2\/posts\/15565\/revisions"}],"predecessor-version":[{"id":15567,"href":"https:\/\/www.lodelmomentoloja.com\/index.php?rest_route=\/wp\/v2\/posts\/15565\/revisions\/15567"}],"wp:featuredmedia":[{"embeddable":true,"href":"https:\/\/www.lodelmomentoloja.com\/index.php?rest_route=\/wp\/v2\/media\/15566"}],"wp:attachment":[{"href":"https:\/\/www.lodelmomentoloja.com\/index.php?rest_route=%2Fwp%2Fv2%2Fmedia&parent=15565"}],"wp:term":[{"taxonomy":"category","embeddable":true,"href":"https:\/\/www.lodelmomentoloja.com\/index.php?rest_route=%2Fwp%2Fv2%2Fcategories&post=15565"},{"taxonomy":"post_tag","embeddable":true,"href":"https:\/\/www.lodelmomentoloja.com\/index.php?rest_route=%2Fwp%2Fv2%2Ftags&post=15565"}],"curies":[{"name":"wp","href":"https:\/\/api.w.org\/{rel}","templated":true}]}}