{"id":15556,"date":"2023-05-05T16:12:54","date_gmt":"2023-05-05T16:12:54","guid":{"rendered":"https:\/\/www.lodelmomentoloja.com\/?p=15556"},"modified":"2023-05-05T21:14:43","modified_gmt":"2023-05-05T21:14:43","slug":"rector-utpl-junto-al-papa-francisco","status":"publish","type":"post","link":"https:\/\/www.lodelmomentoloja.com\/?p=15556","title":{"rendered":"Rector UTPL junto al Papa Francisco"},"content":{"rendered":"<p dir=\"ltr\">\ud83e\udec2\ud83e\udd1d\ud83c\udffc\ud83d\udcc8 \u00a1Fortaleciendo lazos!<\/p>\n<p>En el Aula Teatro de la LUMSA y con la participaci\u00f3n de m\u00e1s de 50 rectores, adem\u00e1s de vicerrectores e invitados especiales, comenz\u00f3 la jornada acad\u00e9mica que inici\u00f3 con las palabras del Presidente de Oducal, Ing. Rodolfo Gallo Cornejo quien dio la bienvenida y brind\u00f3 un discurso en el que hizo especial hincapi\u00e9 al trascendente hito que significa este encuentro en conmemoraci\u00f3n de los 70 a\u00f1os y al necesario entendimiento con el Dicasterio para la Educaci\u00f3n y la Cultura. En ese marco, expres\u00f3 su agradecimiento al Cardenal Jos\u00e9 Tolentino de Mendon\u00e7a por la c\u00e1lida acogida a la propuesta de mantener una reuni\u00f3n para profundizar el trabajo fraterno que se viene realizando.<\/p>\n<p>El Ing. Gallo Cornejo remarc\u00f3: \u201c&#8230;.las Universidades nos constituimos como ese puente entre Educaci\u00f3n y Cultura, por lo cual esperamos poder servir, de la mejor manera posible, a la misi\u00f3n de este Dicasterio, en estos tiempos\u201d.<\/p>\n<p>Adem\u00e1s, hizo referencia a la visi\u00f3n de las universidades cat\u00f3licas como las \u201cnuevas catedrales\u201d que hoy levanta la Iglesia en Am\u00e9rica Latina, a las que le cabe la responsabilidad de aportar con empuje y excelencia al desarrollo de las sociedades en las que trabajan.<\/p>\n<p>La cultura del encuentro, la adhesi\u00f3n al Magisterio del Papa Francisco y el trabajo incesante a favor del Pacto Educativo Global, fueron algunos de los aspectos abordados en el discurso del Ing. Gallo Cornejo.<\/p>\n<p>La jornada continu\u00f3 con las conferencias &#8220;La situaci\u00f3n de la Universidad Cat\u00f3lica en el mundo de hoy: desaf\u00edos y perspectivas&#8221; a cargo del Cardenal Jos\u00e9 Tolentino de Mendon\u00e7a y la conferencia titulada \u201cFe y cultura en di\u00e1logo en la Universidad Cat\u00f3lica\u201d a cargo de Mons. Guy-R\u00e9al Thivierge.<\/p>\n<p>V\u00eda: ODUCAL<\/p>\n<p dir=\"ltr\">www.lodelmomentoloja.com<br \/>\n#LDMnoticias #lodelmomentolojaLDM<\/p>\n","protected":false},"excerpt":{"rendered":"<p>\ud83e\udec2\ud83e\udd1d\ud83c\udffc\ud83d\udcc8 \u00a1Fortaleciendo lazos! En el Aula Teatro de la LUMSA y con la participaci\u00f3n de&#8230;<\/p>\n","protected":false},"author":1,"featured_media":15557,"comment_status":"open","ping_status":"open","sticky":false,"template":"","format":"standard","meta":{"footnotes":""},"categories":[7,1,4,5],"tags":[],"class_list":["post-15556","post","type-post","status-publish","format-standard","has-post-thumbnail","hentry","category-ecuador","category-inicio","category-internacional","category-loja"],"_links":{"self":[{"href":"https:\/\/www.lodelmomentoloja.com\/index.php?rest_route=\/wp\/v2\/posts\/15556"}],"collection":[{"href":"https:\/\/www.lodelmomentoloja.com\/index.php?rest_route=\/wp\/v2\/posts"}],"about":[{"href":"https:\/\/www.lodelmomentoloja.com\/index.php?rest_route=\/wp\/v2\/types\/post"}],"author":[{"embeddable":true,"href":"https:\/\/www.lodelmomentoloja.com\/index.php?rest_route=\/wp\/v2\/users\/1"}],"replies":[{"embeddable":true,"href":"https:\/\/www.lodelmomentoloja.com\/index.php?rest_route=%2Fwp%2Fv2%2Fcomments&post=15556"}],"version-history":[{"count":2,"href":"https:\/\/www.lodelmomentoloja.com\/index.php?rest_route=\/wp\/v2\/posts\/15556\/revisions"}],"predecessor-version":[{"id":15559,"href":"https:\/\/www.lodelmomentoloja.com\/index.php?rest_route=\/wp\/v2\/posts\/15556\/revisions\/15559"}],"wp:featuredmedia":[{"embeddable":true,"href":"https:\/\/www.lodelmomentoloja.com\/index.php?rest_route=\/wp\/v2\/media\/15557"}],"wp:attachment":[{"href":"https:\/\/www.lodelmomentoloja.com\/index.php?rest_route=%2Fwp%2Fv2%2Fmedia&parent=15556"}],"wp:term":[{"taxonomy":"category","embeddable":true,"href":"https:\/\/www.lodelmomentoloja.com\/index.php?rest_route=%2Fwp%2Fv2%2Fcategories&post=15556"},{"taxonomy":"post_tag","embeddable":true,"href":"https:\/\/www.lodelmomentoloja.com\/index.php?rest_route=%2Fwp%2Fv2%2Ftags&post=15556"}],"curies":[{"name":"wp","href":"https:\/\/api.w.org\/{rel}","templated":true}]}}