{"id":15551,"date":"2023-05-05T13:56:06","date_gmt":"2023-05-05T13:56:06","guid":{"rendered":"https:\/\/www.lodelmomentoloja.com\/?p=15551"},"modified":"2023-05-05T18:57:43","modified_gmt":"2023-05-05T18:57:43","slug":"oms-declara-fin-de-la-emergencia-sanitaria","status":"publish","type":"post","link":"https:\/\/www.lodelmomentoloja.com\/?p=15551","title":{"rendered":"OMS declara fin de la emergencia sanitaria"},"content":{"rendered":"<p dir=\"ltr\">\ud83e\udd79\ud83e\udec2\ud83c\udf0e \u00a1Termin\u00f3 la emergencia global!<\/p>\n<p>El COVID-19 ya no representa una emergencia de salud global, dijo el viernes la Organizaci\u00f3n Mundial de la Salud (OMS), un paso importante hacia el final de la pandemia que ha matado a m\u00e1s de 6,9 millones de personas, interrumpido la econom\u00eda global y devastado comunidades.<\/p>\n<p>El anuncio llega un d\u00edas despu\u00e9s de que expertos m\u00e9dicos de la OMS se reunieran a puertas cerradas, algo que ven\u00edan haciendo cada tres meses, para determinar si continuaba o no la emergencia sanitaria vigente desde el 2020.<\/p>\n<p>&#8220;Ayer, el Comit\u00e9 de Emergencia se reuni\u00f3 por decimoquinta vez y me recomend\u00f3 que declarara el fin de la emergencia de salud p\u00fablica de inter\u00e9s internacional. He aceptado ese consejo. Por lo tanto, es con gran esperanza que declare el fin de COVID-19 como un emergencia sanitaria mundial&#8221;, dijo el director general de la OMS, Tedros Adhanom Ghebreyesus.<\/p>\n<p>Adem\u00e1s afirm\u00f3 que los expertos hicieron la recomendaci\u00f3n despu\u00e9s de analizar \u201ccuidadosamente\u201d los datos relacionados al impacto del virus en el mundo.<\/p>\n<p>El comit\u00e9 de emergencias de la OMS declar\u00f3 por primera vez que la COVID representaba su nivel m\u00e1s alto de alerta hace m\u00e1s de tres a\u00f1os, el 30 de enero de 2020. El estado ayuda a centrar la atenci\u00f3n internacional en una amenaza para la salud, adem\u00e1s de reforzar la colaboraci\u00f3n en vacunas y tratamientos.<\/p>\n<p>\u201cLuego de m\u00e1s de tres a\u00f1os ya es el momento de confrontar la pandemia de COVID-19, que ha causado tanto sufrimiento, con nuevas herramientas y nuevas ambiciones. Una de ellas siendo el prepararse para futuras pandemias\u201d, lee la determinaci\u00f3n del comit\u00e9, dijo Didier Houssin, presidente del Reglamento Santinario Internacional de la OMS.<\/p>\n<p>Sobre 6.9 millones de personas en el mundo han fallecido a causa del COVID-19, mientras la OMS estima m\u00e1s de 765 millones de casos positivos confirmados.<\/p>\n<p>\u201cDurante m\u00e1s de un a\u00f1o, la pandemia ha tenido una tendencia a la baja con el aumento de la inmunidad de la poblaci\u00f3n a partir de la vacunaci\u00f3n y la infecci\u00f3n, (as\u00ed como) la disminuci\u00f3n de la mortalidad y la disminuci\u00f3n de la presi\u00f3n sobre los sistemas de salud. Esta tendencia ha permitido a la mayor\u00eda de los pa\u00edses volver a vivir como lo conoc\u00edamos antes del COVID-19\u201d, agreg\u00f3 Ghebreyesus.<\/p>\n<p>Al finalizar abril, se hab\u00edan administrado en el mundo m\u00e1s de 13.000 millones de dosis de vacunas contra el COVID-19, seg\u00fan datos de la OMS.<\/p>\n<p>Cuando OMS declar\u00f3 la emergencia sanitaria, fuera de China se hab\u00edan reportado menos de 100 casos. Tres a\u00f1os despu\u00e9s, \u201cel COVID-19 ha cambiado el mundo\u201d, dijo Adhanom Ghebreyesus.<\/p>\n<p>Pese al fin de la declaraci\u00f3n de emergencia, los expertos de la OMS resaltaron que esta acci\u00f3n \u201cno significa que el COVID-19 dej\u00f3 de ser una amenaza global\u201d.<\/p>\n<p>\u201cNosotros no declaramos cuando comienzan las pandemias o cuando terminan las pandemias, epidemiologociamente ese virus continuar\u00e1 causando olas (de casos). En lo que estamos esperanzados es que tenemos las herramientas para asegurar que esas olas no terminen en una enfermedad m\u00e1s severa\u201d, apunt\u00f3 Maria Van Kerkhove, epidemi\u00f3loga l\u00edder de la OMS.<\/p>\n<p>Una recomendaci\u00f3n adicional del comit\u00e9 de emergencia, que el director de la OMS decidi\u00f3 implementar, es establecer un comit\u00e9 de revisi\u00f3n para desarrollar recomendaciones permanentes a largo plazo para los pa\u00edses sobre c\u00f3mo manejar COVID-19 de manera continua. Esto incluir\u00eda acciones en cinco \u00e1reas centrales: vigilancia colaborativa, protecci\u00f3n comunitaria, atenci\u00f3n segura y escalable acceso a contramedidas y coordinaci\u00f3n de emergencias.<\/p>\n<p>V\u00eda: VozDAmerica<\/p>\n<p dir=\"ltr\">www.lodelmomentoloja.com<br \/>\n#LDMnoticias #lodelmomentolojaLDM<\/p>\n","protected":false},"excerpt":{"rendered":"<p>\ud83e\udd79\ud83e\udec2\ud83c\udf0e \u00a1Termin\u00f3 la emergencia global! El COVID-19 ya no representa una emergencia de salud global,&#8230;<\/p>\n","protected":false},"author":1,"featured_media":15552,"comment_status":"open","ping_status":"open","sticky":false,"template":"","format":"standard","meta":{"footnotes":""},"categories":[1,4],"tags":[],"class_list":["post-15551","post","type-post","status-publish","format-standard","has-post-thumbnail","hentry","category-inicio","category-internacional"],"_links":{"self":[{"href":"https:\/\/www.lodelmomentoloja.com\/index.php?rest_route=\/wp\/v2\/posts\/15551"}],"collection":[{"href":"https:\/\/www.lodelmomentoloja.com\/index.php?rest_route=\/wp\/v2\/posts"}],"about":[{"href":"https:\/\/www.lodelmomentoloja.com\/index.php?rest_route=\/wp\/v2\/types\/post"}],"author":[{"embeddable":true,"href":"https:\/\/www.lodelmomentoloja.com\/index.php?rest_route=\/wp\/v2\/users\/1"}],"replies":[{"embeddable":true,"href":"https:\/\/www.lodelmomentoloja.com\/index.php?rest_route=%2Fwp%2Fv2%2Fcomments&post=15551"}],"version-history":[{"count":1,"href":"https:\/\/www.lodelmomentoloja.com\/index.php?rest_route=\/wp\/v2\/posts\/15551\/revisions"}],"predecessor-version":[{"id":15553,"href":"https:\/\/www.lodelmomentoloja.com\/index.php?rest_route=\/wp\/v2\/posts\/15551\/revisions\/15553"}],"wp:featuredmedia":[{"embeddable":true,"href":"https:\/\/www.lodelmomentoloja.com\/index.php?rest_route=\/wp\/v2\/media\/15552"}],"wp:attachment":[{"href":"https:\/\/www.lodelmomentoloja.com\/index.php?rest_route=%2Fwp%2Fv2%2Fmedia&parent=15551"}],"wp:term":[{"taxonomy":"category","embeddable":true,"href":"https:\/\/www.lodelmomentoloja.com\/index.php?rest_route=%2Fwp%2Fv2%2Fcategories&post=15551"},{"taxonomy":"post_tag","embeddable":true,"href":"https:\/\/www.lodelmomentoloja.com\/index.php?rest_route=%2Fwp%2Fv2%2Ftags&post=15551"}],"curies":[{"name":"wp","href":"https:\/\/api.w.org\/{rel}","templated":true}]}}