{"id":1551,"date":"2021-01-04T10:29:34","date_gmt":"2021-01-04T10:29:34","guid":{"rendered":"http:\/\/www.lodelmomentoloja.com\/?p=1551"},"modified":"2021-01-04T15:32:22","modified_gmt":"2021-01-04T15:32:22","slug":"coe-nacional-defiende-medidas-restrictivas","status":"publish","type":"post","link":"https:\/\/www.lodelmomentoloja.com\/?p=1551","title":{"rendered":"Coe nacional defiende medidas restrictivas"},"content":{"rendered":"\n<h1 class=\"wp-block-heading\">Ecuador | Coe Nacional defiende medidas restrictivas<\/h1>\n\n\n\n<p>El Coe Nacional defiende las medidas tomadas durante el estado de excepci\u00f3n. Caridad vela, Secretaria de comunicaci\u00f3n asegura que, las medidas fueron tomadas legalmente para controlar el aumento de contagios por COVID-19, pese a que el s\u00e1bado 2 de enero de 2021 la Corte Constitucional, emiti\u00f3 el dictamen de inconstitucionalidad por el decreto ejecutivo que declar\u00f3 el estado de emergencia durante el feriado de navidad y fin de a\u00f1o. Toda multa que se emiti\u00f3 a los contraventores desde el 21 de diciembre de 2021 hasta el 2 de enero de 2021 se encuentra vigente.<\/p>\n\n\n\n<p>Juan Zapata, director Nacional del ECU911 demostr\u00f3 con datos que en el feriado de fin de a\u00f1o existi\u00f3 un decrecimiento del 37% de fiestas, es decir, se redujo las aglomeraciones por las medidas restrictivas tomadas. Seguir\u00e1n manejando las competencias para controlar el \u00edndice de contagios en; fronteras, puertos, aeropuertos, terminales terrestres etc. Y exhortaran a los COEs cantonales para que se encarguen de controlar las aglomeraciones en cada uno de los cantones del pa\u00eds y que trabajen en conjunto con el COE Nacional. Las medidas tomadas por el Comit\u00e9 de Operaciones de Emergencia son;<\/p>\n\n\n\n<p>Queda prohibido los eventos p\u00fablico masivos<br>El teletrabajo se mantiene hasta el 18 de enero de 2021<br>Queda suspendido el regreso a clases presenciales hasta el 18 de enero en los establecimientos p\u00fablicos y privados.<\/p>\n","protected":false},"excerpt":{"rendered":"<p>Ecuador | Coe Nacional defiende medidas restrictivas El Coe Nacional defiende las medidas tomadas durante&#8230;<\/p>\n","protected":false},"author":1,"featured_media":1552,"comment_status":"open","ping_status":"open","sticky":false,"template":"","format":"standard","meta":{"footnotes":""},"categories":[1],"tags":[],"class_list":["post-1551","post","type-post","status-publish","format-standard","has-post-thumbnail","hentry","category-inicio"],"_links":{"self":[{"href":"https:\/\/www.lodelmomentoloja.com\/index.php?rest_route=\/wp\/v2\/posts\/1551"}],"collection":[{"href":"https:\/\/www.lodelmomentoloja.com\/index.php?rest_route=\/wp\/v2\/posts"}],"about":[{"href":"https:\/\/www.lodelmomentoloja.com\/index.php?rest_route=\/wp\/v2\/types\/post"}],"author":[{"embeddable":true,"href":"https:\/\/www.lodelmomentoloja.com\/index.php?rest_route=\/wp\/v2\/users\/1"}],"replies":[{"embeddable":true,"href":"https:\/\/www.lodelmomentoloja.com\/index.php?rest_route=%2Fwp%2Fv2%2Fcomments&post=1551"}],"version-history":[{"count":1,"href":"https:\/\/www.lodelmomentoloja.com\/index.php?rest_route=\/wp\/v2\/posts\/1551\/revisions"}],"predecessor-version":[{"id":1553,"href":"https:\/\/www.lodelmomentoloja.com\/index.php?rest_route=\/wp\/v2\/posts\/1551\/revisions\/1553"}],"wp:featuredmedia":[{"embeddable":true,"href":"https:\/\/www.lodelmomentoloja.com\/index.php?rest_route=\/wp\/v2\/media\/1552"}],"wp:attachment":[{"href":"https:\/\/www.lodelmomentoloja.com\/index.php?rest_route=%2Fwp%2Fv2%2Fmedia&parent=1551"}],"wp:term":[{"taxonomy":"category","embeddable":true,"href":"https:\/\/www.lodelmomentoloja.com\/index.php?rest_route=%2Fwp%2Fv2%2Fcategories&post=1551"},{"taxonomy":"post_tag","embeddable":true,"href":"https:\/\/www.lodelmomentoloja.com\/index.php?rest_route=%2Fwp%2Fv2%2Ftags&post=1551"}],"curies":[{"name":"wp","href":"https:\/\/api.w.org\/{rel}","templated":true}]}}