{"id":15508,"date":"2023-05-03T17:47:31","date_gmt":"2023-05-03T17:47:31","guid":{"rendered":"https:\/\/www.lodelmomentoloja.com\/?p=15508"},"modified":"2023-05-03T22:50:28","modified_gmt":"2023-05-03T22:50:28","slug":"ffaa-tiene-luz-verde-contra-terroristas","status":"publish","type":"post","link":"https:\/\/www.lodelmomentoloja.com\/?p=15508","title":{"rendered":"FFAA tiene luz verde contra terroristas"},"content":{"rendered":"<p>A trav\u00e9s del Decreto Ejecutivo 730, este mi\u00e9rcoles, 03 de mayo de 2023, el presidente Guillermo Lasso orden\u00f3 a las Fuerzas Armadas que ejecuten acciones para contrarrestar a personas u organizaciones terroristas, esto para que junto a la Polic\u00eda, se implemente las inmediatas acciones correspondientes.<\/p>\n<p>La decisi\u00f3n se toma tras la sesi\u00f3n del Consejo de Seguridad del Estado (Cosepe) en la que se declar\u00f3 al terrorismo como amenaza.<\/p>\n<p>Asimismo, se dispone al Servicio de Atenci\u00f3n a Privados de Libertad (SNAI) tomar estrictas previsiones de seguridad que, como resultado de operaciones antiterroristas, sean sometidos a la justicia y por ende a las c\u00e1rceles.<\/p>\n<p>Finalmente el primer mandatario exhorta a todas las funciones del Estado el cumplimiento de las disposiciones.<\/p>\n<p><img loading=\"lazy\" decoding=\"async\" class=\"alignnone size-medium wp-image-15510\" src=\"http:\/\/www.lodelmomentoloja.com\/wp-content\/uploads\/2023\/05\/IMG_20230503_174651_751-265x300.webp\" alt=\"\" width=\"265\" height=\"300\" srcset=\"https:\/\/www.lodelmomentoloja.com\/wp-content\/uploads\/2023\/05\/IMG_20230503_174651_751-265x300.webp 265w, https:\/\/www.lodelmomentoloja.com\/wp-content\/uploads\/2023\/05\/IMG_20230503_174651_751-906x1024.webp 906w, https:\/\/www.lodelmomentoloja.com\/wp-content\/uploads\/2023\/05\/IMG_20230503_174651_751-768x868.webp 768w, https:\/\/www.lodelmomentoloja.com\/wp-content\/uploads\/2023\/05\/IMG_20230503_174651_751-640x724.webp 640w, https:\/\/www.lodelmomentoloja.com\/wp-content\/uploads\/2023\/05\/IMG_20230503_174651_751-1024x1158.webp 1024w, https:\/\/www.lodelmomentoloja.com\/wp-content\/uploads\/2023\/05\/IMG_20230503_174651_751.webp 1279w\" sizes=\"(max-width: 265px) 100vw, 265px\" \/><\/p>\n<p>V\u00eda: El Tel\u00e9grafo<\/p>\n<p>www.lodelmomentoloja.com<br \/>\n#LDMnoticias #lodelmomentolojaLDM<\/p>\n","protected":false},"excerpt":{"rendered":"<p>A trav\u00e9s del Decreto Ejecutivo 730, este mi\u00e9rcoles, 03 de mayo de 2023, el presidente&#8230;<\/p>\n","protected":false},"author":1,"featured_media":15509,"comment_status":"open","ping_status":"open","sticky":false,"template":"","format":"standard","meta":{"footnotes":""},"categories":[7,1],"tags":[],"class_list":["post-15508","post","type-post","status-publish","format-standard","has-post-thumbnail","hentry","category-ecuador","category-inicio"],"_links":{"self":[{"href":"https:\/\/www.lodelmomentoloja.com\/index.php?rest_route=\/wp\/v2\/posts\/15508"}],"collection":[{"href":"https:\/\/www.lodelmomentoloja.com\/index.php?rest_route=\/wp\/v2\/posts"}],"about":[{"href":"https:\/\/www.lodelmomentoloja.com\/index.php?rest_route=\/wp\/v2\/types\/post"}],"author":[{"embeddable":true,"href":"https:\/\/www.lodelmomentoloja.com\/index.php?rest_route=\/wp\/v2\/users\/1"}],"replies":[{"embeddable":true,"href":"https:\/\/www.lodelmomentoloja.com\/index.php?rest_route=%2Fwp%2Fv2%2Fcomments&post=15508"}],"version-history":[{"count":1,"href":"https:\/\/www.lodelmomentoloja.com\/index.php?rest_route=\/wp\/v2\/posts\/15508\/revisions"}],"predecessor-version":[{"id":15511,"href":"https:\/\/www.lodelmomentoloja.com\/index.php?rest_route=\/wp\/v2\/posts\/15508\/revisions\/15511"}],"wp:featuredmedia":[{"embeddable":true,"href":"https:\/\/www.lodelmomentoloja.com\/index.php?rest_route=\/wp\/v2\/media\/15509"}],"wp:attachment":[{"href":"https:\/\/www.lodelmomentoloja.com\/index.php?rest_route=%2Fwp%2Fv2%2Fmedia&parent=15508"}],"wp:term":[{"taxonomy":"category","embeddable":true,"href":"https:\/\/www.lodelmomentoloja.com\/index.php?rest_route=%2Fwp%2Fv2%2Fcategories&post=15508"},{"taxonomy":"post_tag","embeddable":true,"href":"https:\/\/www.lodelmomentoloja.com\/index.php?rest_route=%2Fwp%2Fv2%2Ftags&post=15508"}],"curies":[{"name":"wp","href":"https:\/\/api.w.org\/{rel}","templated":true}]}}