{"id":15459,"date":"2023-05-01T10:02:26","date_gmt":"2023-05-01T10:02:26","guid":{"rendered":"https:\/\/www.lodelmomentoloja.com\/?p=15459"},"modified":"2023-05-01T16:25:13","modified_gmt":"2023-05-01T16:25:13","slug":"cada-primero-de-mayo-se-celebra-el-dia-del-trabajador","status":"publish","type":"post","link":"https:\/\/www.lodelmomentoloja.com\/?p=15459","title":{"rendered":"Cada primero de mayo se celebra el d\u00eda del trabajador."},"content":{"rendered":"<h4>LOS ANTECEDENTES<\/h4>\n<p><strong>Desde 1889, se celebra el d\u00eda del Trabajo<\/strong> a nivel internacional como un homenaje a estos obreros sindicalistas anarquistas de Chicago el <strong>1\u00ba de mayo<\/strong> se reivindica lucha de los obreros por sus derechos laborales. Con el transcurso del tiempo, la conmemoraci\u00f3n de esta fecha se convirti\u00f3 en una celebraci\u00f3n tradicional, que pone de manifiesto, que la lucha por mejorar las condiciones laborales de los trabajadores sigue vigente.<\/p>\n<p>Durante el siglo XIX el movimiento obrero cobra mayor relevancia, manifest\u00e1ndose con notorio vigor y presencia en los Estados Unidos, considerando la importancia que se otorg\u00f3 a la industrializaci\u00f3n como base de su desarrollo econ\u00f3mico capitalista. Se dice que los alba\u00f1iles y los carpinteros de Nueva York y Boston fueron los precursores remotos de la lucha obrera. La contienda obrera se dio en diversos \u00e1mbitos y lugares, sin embargo, destacan los sangrientos sucesos que culminaron con la <strong>tragedia de Chicago<\/strong>, iniciada en mayo de 1886 y epilogada con el ahorcamiento de varios dirigentes sindicales anarquistas el 11 de noviembre de 1887, que desde entonces son conocidos mundialmente como los M\u00e1rtires de Chicago. A ellos se debe que la clase proletaria, despu\u00e9s de muchas luchas,\u00a0<strong>disfrute ahora de la jornada m\u00e1xima de labores de 8 horas<\/strong><\/p>\n<p>Posteriormente el 30 de noviembre de 2012, se public\u00f3 en el Diario Oficial de la Federaci\u00f3n el Decreto por el que se reforman, adicionan y derogan disposiciones de la Ley Federal del Trabajo. Dentro de estas adiciones podemos encontrar el concepto de trabajo \u201cdigno o decente\u201d como aquel en el que se respeta plenamente la dignidad humana del trabajador; no existe discriminaci\u00f3n por origen \u00e9tnico o nacional, g\u00e9nero, edad, discapacidad, condici\u00f3n social, condiciones de salud, religi\u00f3n, condici\u00f3n migratoria, opiniones, preferencias sexuales o estado civil.<\/p>\n<h4>HOY EN D\u00cdA.<\/h4>\n<p>En la actualidad, el primero de mayo de cada a\u00f1o es considerado como un d\u00eda festivo y varios gremios y agrupaciones sociales marchan para mantener vigente este derecho que ha sido ganado a lo largo de los a\u00f1os, todo en busca de garantizar las mejores condiciones al personal que labora en diferentes instituciones, tanto a nivel privado como p\u00fablico.<\/p>\n<p>En la provincia de Loja, al igual que otras provincias del Ecuador, marchan para pedir al gobierno de turno que cumpla con las obligaciones y derechos amparados en la constituci\u00f3n de la rep\u00fablica, ya que pese a ser un derecho vigente, muchos no se solventan y las deudas se mantienen en grupos de jubilados y otros m\u00e1s.<\/p>\n<p><strong>EL MENSAJE: Al visibilizar el marco del d\u00eda del trabajo, personas de la medicina, docencia, deporte, municipalidad son destacados por este medio, incluso, forman parte de la portada de tan memorable d\u00eda. \u00a1Feliz d\u00eda del trabajador!<\/strong><\/p>\n<p><em>S\u00edguenos #LDMnoticias #lodelmomentolojaLDM<\/em><\/p>\n<p>&nbsp;<\/p>\n","protected":false},"excerpt":{"rendered":"<p>LOS ANTECEDENTES Desde 1889, se celebra el d\u00eda del Trabajo a nivel internacional como un&#8230;<\/p>\n","protected":false},"author":1,"featured_media":15461,"comment_status":"open","ping_status":"open","sticky":false,"template":"","format":"standard","meta":{"footnotes":""},"categories":[7,1],"tags":[],"class_list":["post-15459","post","type-post","status-publish","format-standard","has-post-thumbnail","hentry","category-ecuador","category-inicio"],"_links":{"self":[{"href":"https:\/\/www.lodelmomentoloja.com\/index.php?rest_route=\/wp\/v2\/posts\/15459"}],"collection":[{"href":"https:\/\/www.lodelmomentoloja.com\/index.php?rest_route=\/wp\/v2\/posts"}],"about":[{"href":"https:\/\/www.lodelmomentoloja.com\/index.php?rest_route=\/wp\/v2\/types\/post"}],"author":[{"embeddable":true,"href":"https:\/\/www.lodelmomentoloja.com\/index.php?rest_route=\/wp\/v2\/users\/1"}],"replies":[{"embeddable":true,"href":"https:\/\/www.lodelmomentoloja.com\/index.php?rest_route=%2Fwp%2Fv2%2Fcomments&post=15459"}],"version-history":[{"count":1,"href":"https:\/\/www.lodelmomentoloja.com\/index.php?rest_route=\/wp\/v2\/posts\/15459\/revisions"}],"predecessor-version":[{"id":15462,"href":"https:\/\/www.lodelmomentoloja.com\/index.php?rest_route=\/wp\/v2\/posts\/15459\/revisions\/15462"}],"wp:featuredmedia":[{"embeddable":true,"href":"https:\/\/www.lodelmomentoloja.com\/index.php?rest_route=\/wp\/v2\/media\/15461"}],"wp:attachment":[{"href":"https:\/\/www.lodelmomentoloja.com\/index.php?rest_route=%2Fwp%2Fv2%2Fmedia&parent=15459"}],"wp:term":[{"taxonomy":"category","embeddable":true,"href":"https:\/\/www.lodelmomentoloja.com\/index.php?rest_route=%2Fwp%2Fv2%2Fcategories&post=15459"},{"taxonomy":"post_tag","embeddable":true,"href":"https:\/\/www.lodelmomentoloja.com\/index.php?rest_route=%2Fwp%2Fv2%2Ftags&post=15459"}],"curies":[{"name":"wp","href":"https:\/\/api.w.org\/{rel}","templated":true}]}}