{"id":1544,"date":"2021-01-03T13:56:51","date_gmt":"2021-01-03T13:56:51","guid":{"rendered":"http:\/\/www.lodelmomentoloja.com\/?p=1544"},"modified":"2021-01-03T18:59:47","modified_gmt":"2021-01-03T18:59:47","slug":"corte-constitucional-suspenden-operativos-del-decreto-1217","status":"publish","type":"post","link":"https:\/\/www.lodelmomentoloja.com\/?p=1544","title":{"rendered":"Corte Constitucional suspenden Operativos del decreto 1217"},"content":{"rendered":"\n<p>#Nacional | la Corte Constitucional dio a conocer su resoluci\u00f3n sobre el nuevo estado de excepci\u00f3n que fue declarado por el presidente Len\u00edn Moreno el pasado 21 de diciembre.<\/p>\n\n\n\n<p><br>El pleno de la Corte, que sesion\u00f3 de manera extraordinaria el 27 de diciembre de 2020, con voto de mayor\u00eda, declar\u00f3 la inconstitucionalidad del Decreto Ejecutivo 1217 del 21 de diciembre &#8220;por concluir que no se adecuaba a las normas constitucionales&#8221;.<\/p>\n\n\n\n<p><br>En el Decreto 1217, Moreno declar\u00f3 el estado de excepci\u00f3n por calamidad p\u00fablica en todo el territorio nacional, por el grave incremento en el contagio del covid-19, a causa de las aglomeraciones as\u00ed como la exposici\u00f3n a una mutaci\u00f3n con mayor virulencia importada desde el Reino Unido.<\/p>\n\n\n\n<p><br>Sin embargo La Corte Constitucional declar\u00f3 inconstitucional el decreto Ejecutivo 1217 relativo al estado de excepci\u00f3n dictado el pasado 21 de diciembre por considerar que no se adecuaba a las normas constitucionales desde el punto de vista formal y material.<br><\/p>\n\n\n\n<p>El dictamen se dict\u00f3 el 27 de diciembre 2020, pero reci\u00e9n hoy, la CC, lo hizo p\u00fablico.<\/p>\n\n\n\n<p><\/p>\n","protected":false},"excerpt":{"rendered":"<p>#Nacional | la Corte Constitucional dio a conocer su resoluci\u00f3n sobre el nuevo estado de&#8230;<\/p>\n","protected":false},"author":1,"featured_media":1545,"comment_status":"open","ping_status":"open","sticky":false,"template":"","format":"standard","meta":{"footnotes":""},"categories":[1],"tags":[],"class_list":["post-1544","post","type-post","status-publish","format-standard","has-post-thumbnail","hentry","category-inicio"],"_links":{"self":[{"href":"https:\/\/www.lodelmomentoloja.com\/index.php?rest_route=\/wp\/v2\/posts\/1544"}],"collection":[{"href":"https:\/\/www.lodelmomentoloja.com\/index.php?rest_route=\/wp\/v2\/posts"}],"about":[{"href":"https:\/\/www.lodelmomentoloja.com\/index.php?rest_route=\/wp\/v2\/types\/post"}],"author":[{"embeddable":true,"href":"https:\/\/www.lodelmomentoloja.com\/index.php?rest_route=\/wp\/v2\/users\/1"}],"replies":[{"embeddable":true,"href":"https:\/\/www.lodelmomentoloja.com\/index.php?rest_route=%2Fwp%2Fv2%2Fcomments&post=1544"}],"version-history":[{"count":1,"href":"https:\/\/www.lodelmomentoloja.com\/index.php?rest_route=\/wp\/v2\/posts\/1544\/revisions"}],"predecessor-version":[{"id":1546,"href":"https:\/\/www.lodelmomentoloja.com\/index.php?rest_route=\/wp\/v2\/posts\/1544\/revisions\/1546"}],"wp:featuredmedia":[{"embeddable":true,"href":"https:\/\/www.lodelmomentoloja.com\/index.php?rest_route=\/wp\/v2\/media\/1545"}],"wp:attachment":[{"href":"https:\/\/www.lodelmomentoloja.com\/index.php?rest_route=%2Fwp%2Fv2%2Fmedia&parent=1544"}],"wp:term":[{"taxonomy":"category","embeddable":true,"href":"https:\/\/www.lodelmomentoloja.com\/index.php?rest_route=%2Fwp%2Fv2%2Fcategories&post=1544"},{"taxonomy":"post_tag","embeddable":true,"href":"https:\/\/www.lodelmomentoloja.com\/index.php?rest_route=%2Fwp%2Fv2%2Ftags&post=1544"}],"curies":[{"name":"wp","href":"https:\/\/api.w.org\/{rel}","templated":true}]}}