{"id":1535,"date":"2021-01-02T13:00:36","date_gmt":"2021-01-02T13:00:36","guid":{"rendered":"http:\/\/www.lodelmomentoloja.com\/?p=1535"},"modified":"2021-01-02T20:31:33","modified_gmt":"2021-01-02T20:31:33","slug":"confirman-la-muerte-de-israel-samaniego","status":"publish","type":"post","link":"https:\/\/www.lodelmomentoloja.com\/?p=1535","title":{"rendered":"Confirman la muerte de Israel Samaniego"},"content":{"rendered":"\n<p>Desde el 22 de diciembre del 2020, se report\u00f3 la desaparici\u00f3n del ciudadano Israel Samaniego hasta hoy, las autoridades fueron alertadas sobre un acontecimiento en una vivienda ubicada en las calles Bernardo Valdivieso y Bol\u00edvar frente al Mercado de San Sebasti\u00e1n, sitio donde acude la Polic\u00eda Nacional y verifica que se trataba un cuerpo sin vida y en estado de descomposici\u00f3n del ciudadano desaparecido.<\/p>\n\n\n\n<p>Al acudir al sitio, con profunda pena sus familiares reciben la noticia sobre su familia, tal como se apreci\u00f3 en la transmisi\u00f3n en vivo del medio digital LDM Loja, adjuntada en el siguiente link.<\/p>\n\n\n\n<p><a rel=\"noreferrer noopener\" href=\"https:\/\/www.facebook.com\/lodelmomentolojaLDM\/posts\/886834015420023\" target=\"_blank\">https:\/\/www.facebook.com\/lodelmomentolojaLDM\/posts\/886834015420023<\/a><\/p>\n\n\n\n<p>Seg\u00fan el Jorge Herrera Teniente encargado de DINASED habl\u00f3 sobre causa de la muerte del ciudadano Israel Samaniego, al parecer, quien se encontraba como desaparecido durante 11 d\u00edas, se habr\u00eda quitado la vida en el sitio que se encontraba a pocos metros de su domicilio.<br><\/p>\n","protected":false},"excerpt":{"rendered":"<p>Desde el 22 de diciembre del 2020, se report\u00f3 la desaparici\u00f3n del ciudadano Israel Samaniego&#8230;<\/p>\n","protected":false},"author":1,"featured_media":1536,"comment_status":"open","ping_status":"open","sticky":false,"template":"","format":"standard","meta":{"footnotes":""},"categories":[7,5],"tags":[],"class_list":["post-1535","post","type-post","status-publish","format-standard","has-post-thumbnail","hentry","category-ecuador","category-loja"],"_links":{"self":[{"href":"https:\/\/www.lodelmomentoloja.com\/index.php?rest_route=\/wp\/v2\/posts\/1535"}],"collection":[{"href":"https:\/\/www.lodelmomentoloja.com\/index.php?rest_route=\/wp\/v2\/posts"}],"about":[{"href":"https:\/\/www.lodelmomentoloja.com\/index.php?rest_route=\/wp\/v2\/types\/post"}],"author":[{"embeddable":true,"href":"https:\/\/www.lodelmomentoloja.com\/index.php?rest_route=\/wp\/v2\/users\/1"}],"replies":[{"embeddable":true,"href":"https:\/\/www.lodelmomentoloja.com\/index.php?rest_route=%2Fwp%2Fv2%2Fcomments&post=1535"}],"version-history":[{"count":1,"href":"https:\/\/www.lodelmomentoloja.com\/index.php?rest_route=\/wp\/v2\/posts\/1535\/revisions"}],"predecessor-version":[{"id":1537,"href":"https:\/\/www.lodelmomentoloja.com\/index.php?rest_route=\/wp\/v2\/posts\/1535\/revisions\/1537"}],"wp:featuredmedia":[{"embeddable":true,"href":"https:\/\/www.lodelmomentoloja.com\/index.php?rest_route=\/wp\/v2\/media\/1536"}],"wp:attachment":[{"href":"https:\/\/www.lodelmomentoloja.com\/index.php?rest_route=%2Fwp%2Fv2%2Fmedia&parent=1535"}],"wp:term":[{"taxonomy":"category","embeddable":true,"href":"https:\/\/www.lodelmomentoloja.com\/index.php?rest_route=%2Fwp%2Fv2%2Fcategories&post=1535"},{"taxonomy":"post_tag","embeddable":true,"href":"https:\/\/www.lodelmomentoloja.com\/index.php?rest_route=%2Fwp%2Fv2%2Ftags&post=1535"}],"curies":[{"name":"wp","href":"https:\/\/api.w.org\/{rel}","templated":true}]}}