{"id":15276,"date":"2023-04-19T15:00:44","date_gmt":"2023-04-19T15:00:44","guid":{"rendered":"https:\/\/www.lodelmomentoloja.com\/?p=15276"},"modified":"2023-04-19T20:03:12","modified_gmt":"2023-04-19T20:03:12","slug":"prision-para-moreno-y-familia","status":"publish","type":"post","link":"https:\/\/www.lodelmomentoloja.com\/?p=15276","title":{"rendered":"Prisi\u00f3n para Moreno y familia"},"content":{"rendered":"<p dir=\"ltr\">Fiscal\u00eda pide prisi\u00f3n preventiva para el expresidente Len\u00edn Moreno<\/p>\n<p dir=\"ltr\">El conjuez Bayardo Espinosa deber\u00e1 resolver sobre el pedido en contra de Len\u00edn Moreno, por el caso Sinohydro. Tambi\u00e9n se revisan las medidas de otros nueve procesados.<\/p>\n<p dir=\"ltr\">Desde el 13 de marzo de 2023, los 37 procesados por el caso Sinohydro deb\u00edan presentarse peri\u00f3dicamente ante la Corte Nacional de Justicia (CNJ) para garantizar su presencia en un eventual juicio por cohecho.<\/p>\n<p dir=\"ltr\">Sin embargo, 10 de los sospechosos incumplieron las medidas dictadas en la audiencia de formulaci\u00f3n de cargos.<\/p>\n<p dir=\"ltr\">Por esta raz\u00f3n, la Fiscal\u00eda General del Estado (FGE) solicit\u00f3 que se revisen las medidas para estas personas. El conjuez Bayardo Espinosa convoc\u00f3 para las 10:00 del 19 de abril de 2023 a la diligencia para esta revisi\u00f3n<\/p>\n<p dir=\"ltr\">su intervenci\u00f3n, Wilson Toainga, fiscal General del Estado subrogante, solicit\u00f3 que, al haberse configurado un incumplimiento a las medidas alternativas dictadas en primera instancia, estas se dejen sin efecto.<\/p>\n<p dir=\"ltr\">Adem\u00e1s pidi\u00f3 que se ordene la prisi\u00f3n preventiva para los siguientes procesados:<\/p>\n<p dir=\"ltr\">Len\u00edn Moreno<br \/>\nRoc\u00edo Gonz\u00e1lez<br \/>\nIrina Moreno<br \/>\nXavier Mac\u00edas<br \/>\nMar\u00eda Auxiliadora Pati\u00f1o<br \/>\nLiu Asheng<br \/>\nCai Runguo<br \/>\nPablo Zatizabal<br \/>\nMauricio P\u00e9rez<br \/>\nFrancisco Castello.<\/p>\n<p dir=\"ltr\">Adem\u00e1s, en el caso de los procesados que est\u00e1n en el extranjero, como Len\u00edn Moreno y su esposa, la Fiscal\u00eda pidi\u00f3 que se oficie a la Interpol su b\u00fasqueda y captura.<\/p>\n<p dir=\"ltr\">V\u00eda: Primicias Ec<\/p>\n<p dir=\"ltr\">#LDMnoticias#lodelmomentolojaLDM<\/p>\n","protected":false},"excerpt":{"rendered":"<p>Fiscal\u00eda pide prisi\u00f3n preventiva para el expresidente Len\u00edn Moreno El conjuez Bayardo Espinosa deber\u00e1 resolver&#8230;<\/p>\n","protected":false},"author":1,"featured_media":15277,"comment_status":"open","ping_status":"open","sticky":false,"template":"","format":"standard","meta":{"footnotes":""},"categories":[7,1,4],"tags":[],"class_list":["post-15276","post","type-post","status-publish","format-standard","has-post-thumbnail","hentry","category-ecuador","category-inicio","category-internacional"],"_links":{"self":[{"href":"https:\/\/www.lodelmomentoloja.com\/index.php?rest_route=\/wp\/v2\/posts\/15276"}],"collection":[{"href":"https:\/\/www.lodelmomentoloja.com\/index.php?rest_route=\/wp\/v2\/posts"}],"about":[{"href":"https:\/\/www.lodelmomentoloja.com\/index.php?rest_route=\/wp\/v2\/types\/post"}],"author":[{"embeddable":true,"href":"https:\/\/www.lodelmomentoloja.com\/index.php?rest_route=\/wp\/v2\/users\/1"}],"replies":[{"embeddable":true,"href":"https:\/\/www.lodelmomentoloja.com\/index.php?rest_route=%2Fwp%2Fv2%2Fcomments&post=15276"}],"version-history":[{"count":1,"href":"https:\/\/www.lodelmomentoloja.com\/index.php?rest_route=\/wp\/v2\/posts\/15276\/revisions"}],"predecessor-version":[{"id":15278,"href":"https:\/\/www.lodelmomentoloja.com\/index.php?rest_route=\/wp\/v2\/posts\/15276\/revisions\/15278"}],"wp:featuredmedia":[{"embeddable":true,"href":"https:\/\/www.lodelmomentoloja.com\/index.php?rest_route=\/wp\/v2\/media\/15277"}],"wp:attachment":[{"href":"https:\/\/www.lodelmomentoloja.com\/index.php?rest_route=%2Fwp%2Fv2%2Fmedia&parent=15276"}],"wp:term":[{"taxonomy":"category","embeddable":true,"href":"https:\/\/www.lodelmomentoloja.com\/index.php?rest_route=%2Fwp%2Fv2%2Fcategories&post=15276"},{"taxonomy":"post_tag","embeddable":true,"href":"https:\/\/www.lodelmomentoloja.com\/index.php?rest_route=%2Fwp%2Fv2%2Ftags&post=15276"}],"curies":[{"name":"wp","href":"https:\/\/api.w.org\/{rel}","templated":true}]}}