{"id":1525,"date":"2021-01-02T09:00:53","date_gmt":"2021-01-02T09:00:53","guid":{"rendered":"http:\/\/www.lodelmomentoloja.com\/?p=1525"},"modified":"2021-01-02T16:21:54","modified_gmt":"2021-01-02T16:21:54","slug":"la-tradicional-eucaristia-de-enero","status":"publish","type":"post","link":"https:\/\/www.lodelmomentoloja.com\/?p=1525","title":{"rendered":"La tradicional Eucarist\u00eda de Enero."},"content":{"rendered":"\n<p>Desde la parroquia de El Cisne, se realiz\u00f3 la tradicional eucarist\u00eda del 01 de enero de este a\u00f1o 2021, misma que se cumpli\u00f3 en el Santuario Nacional de El Cisne presidida por monse\u00f1or Walter Heras, Obispo de Di\u00f3cesis de Loja, junto a los sacerdotes que est\u00e1n a cargo del Santuario. La celebraci\u00f3n religiosa se ha desarrollado por m\u00e1s de 20 a\u00f1os en compa\u00f1\u00eda de los devotos de la churonita, acudiendo a\u00f1o a a\u00f1o en se\u00f1al de fe. <br><br>Debido a la pandemia por la que atraviesa el mundo, en esta ocasi\u00f3n a diferencia de otros a\u00f1os no hubo la procesi\u00f3n con la sagrada imagen de la Virgen de El Cisne por las principales calles de la parroquia, como normalmente se lo hac\u00eda. <\/p>\n\n\n\n<figure class=\"wp-block-gallery columns-1 is-cropped wp-block-gallery-1 is-layout-flex wp-block-gallery-is-layout-flex\"><ul class=\"blocks-gallery-grid\"><li class=\"blocks-gallery-item\"><figure><img loading=\"lazy\" decoding=\"async\" width=\"1024\" height=\"1024\" src=\"http:\/\/www.lodelmomentoloja.com\/wp-content\/uploads\/2021\/01\/rtyhj-1-1024x1024.jpg\" alt=\"\" data-id=\"1527\" data-full-url=\"http:\/\/www.lodelmomentoloja.com\/wp-content\/uploads\/2021\/01\/rtyhj-1-scaled.jpg\" data-link=\"http:\/\/www.lodelmomentoloja.com\/?attachment_id=1527\" class=\"wp-image-1527\" srcset=\"https:\/\/www.lodelmomentoloja.com\/wp-content\/uploads\/2021\/01\/rtyhj-1-1024x1024.jpg 1024w, https:\/\/www.lodelmomentoloja.com\/wp-content\/uploads\/2021\/01\/rtyhj-1-300x300.jpg 300w, https:\/\/www.lodelmomentoloja.com\/wp-content\/uploads\/2021\/01\/rtyhj-1-150x150.jpg 150w, https:\/\/www.lodelmomentoloja.com\/wp-content\/uploads\/2021\/01\/rtyhj-1-768x768.jpg 768w, https:\/\/www.lodelmomentoloja.com\/wp-content\/uploads\/2021\/01\/rtyhj-1-1536x1536.jpg 1536w, https:\/\/www.lodelmomentoloja.com\/wp-content\/uploads\/2021\/01\/rtyhj-1-2048x2048.jpg 2048w, https:\/\/www.lodelmomentoloja.com\/wp-content\/uploads\/2021\/01\/rtyhj-1-50x50.jpg 50w\" sizes=\"(max-width: 1024px) 100vw, 1024px\" \/><\/figure><\/li><\/ul><\/figure>\n\n\n\n<p>Foto tomada de VIVA CATAMAYO.<\/p>\n","protected":false},"excerpt":{"rendered":"<p>Desde la parroquia de El Cisne, se realiz\u00f3 la tradicional eucarist\u00eda del 01 de enero&#8230;<\/p>\n","protected":false},"author":1,"featured_media":1533,"comment_status":"open","ping_status":"open","sticky":false,"template":"","format":"standard","meta":{"footnotes":""},"categories":[1,5],"tags":[],"class_list":["post-1525","post","type-post","status-publish","format-standard","has-post-thumbnail","hentry","category-inicio","category-loja"],"_links":{"self":[{"href":"https:\/\/www.lodelmomentoloja.com\/index.php?rest_route=\/wp\/v2\/posts\/1525"}],"collection":[{"href":"https:\/\/www.lodelmomentoloja.com\/index.php?rest_route=\/wp\/v2\/posts"}],"about":[{"href":"https:\/\/www.lodelmomentoloja.com\/index.php?rest_route=\/wp\/v2\/types\/post"}],"author":[{"embeddable":true,"href":"https:\/\/www.lodelmomentoloja.com\/index.php?rest_route=\/wp\/v2\/users\/1"}],"replies":[{"embeddable":true,"href":"https:\/\/www.lodelmomentoloja.com\/index.php?rest_route=%2Fwp%2Fv2%2Fcomments&post=1525"}],"version-history":[{"count":1,"href":"https:\/\/www.lodelmomentoloja.com\/index.php?rest_route=\/wp\/v2\/posts\/1525\/revisions"}],"predecessor-version":[{"id":1528,"href":"https:\/\/www.lodelmomentoloja.com\/index.php?rest_route=\/wp\/v2\/posts\/1525\/revisions\/1528"}],"wp:featuredmedia":[{"embeddable":true,"href":"https:\/\/www.lodelmomentoloja.com\/index.php?rest_route=\/wp\/v2\/media\/1533"}],"wp:attachment":[{"href":"https:\/\/www.lodelmomentoloja.com\/index.php?rest_route=%2Fwp%2Fv2%2Fmedia&parent=1525"}],"wp:term":[{"taxonomy":"category","embeddable":true,"href":"https:\/\/www.lodelmomentoloja.com\/index.php?rest_route=%2Fwp%2Fv2%2Fcategories&post=1525"},{"taxonomy":"post_tag","embeddable":true,"href":"https:\/\/www.lodelmomentoloja.com\/index.php?rest_route=%2Fwp%2Fv2%2Ftags&post=1525"}],"curies":[{"name":"wp","href":"https:\/\/api.w.org\/{rel}","templated":true}]}}