{"id":15188,"date":"2023-04-14T09:00:45","date_gmt":"2023-04-14T09:00:45","guid":{"rendered":"https:\/\/www.lodelmomentoloja.com\/?p=15188"},"modified":"2023-04-14T14:29:35","modified_gmt":"2023-04-14T14:29:35","slug":"jorge-glas-vuelve-a-tener-su-pension-vitalicia","status":"publish","type":"post","link":"https:\/\/www.lodelmomentoloja.com\/?p=15188","title":{"rendered":"Jorge Glas vuelve a tener su pensi\u00f3n vitalicia."},"content":{"rendered":"<p>En el a\u00f1o 2020 el ex presidente Rafael Correa y ex vicepresidente Jorge Glas fueron sentenciados a ocho a\u00f1os de prisi\u00f3n por el delito de cohecho en el caso sobornos, acci\u00f3n que hizo quejar de recibir la pensi\u00f3n vitalicia desde septiembre del mismo a\u00f1o.<\/p>\n<p>Esta medida que se ha mantenido durante este tiempo fue interpelada por la parte demandante que indicaba que la reforma a la Ley de Servicio P\u00fablico no ser\u00eda aplicable para Glas ya que la Asamblea aprob\u00f3 en junio 2020 y la demanda del caso sobornos se gener\u00f3 en abril 2020, por lo tanto, no podr\u00eda generar una aplicabilidad retroactiva.<\/p>\n<p>Ante esto, el juez Elueterio Aguilar acept\u00f3 una acci\u00f3n de protecci\u00f3n presentada el 8 de marzo de 2023, en Balsas (provincia de El Oro) y este mi\u00e9rcoles dictamin\u00f3 que Jorge Glas volver\u00e1 a recibir su pensi\u00f3n vitalicia (USD 4.507) en calidad de ex vicepresidente del Ecuador, debido a ello desde <strong>el Ministerio de Finanzas deber\u00e1n cancelar todas las pensiones que dej\u00f3 de percibir desde septiembre 2020 hasta la presente fecha<\/strong>, es decir, unos 30 meses <strong>en un plazo de diez d\u00edas. El ex vicepresidente solicit\u00f3 que esos montos sean entregados a su madre.<\/strong><\/p>\n<p><img loading=\"lazy\" decoding=\"async\" class=\"alignnone wp-image-15189 \" src=\"http:\/\/www.lodelmomentoloja.com\/wp-content\/uploads\/2023\/04\/rd-748x1024.jpg\" alt=\"\" width=\"384\" height=\"525\" srcset=\"https:\/\/www.lodelmomentoloja.com\/wp-content\/uploads\/2023\/04\/rd-748x1024.jpg 748w, https:\/\/www.lodelmomentoloja.com\/wp-content\/uploads\/2023\/04\/rd-219x300.jpg 219w, https:\/\/www.lodelmomentoloja.com\/wp-content\/uploads\/2023\/04\/rd-768x1051.jpg 768w, https:\/\/www.lodelmomentoloja.com\/wp-content\/uploads\/2023\/04\/rd-640x876.jpg 640w, https:\/\/www.lodelmomentoloja.com\/wp-content\/uploads\/2023\/04\/rd.jpg 842w\" sizes=\"(max-width: 384px) 100vw, 384px\" \/><\/p>\n<h3><\/h3>\n<h3 class=\"wp-block-heading\"><strong>La decisi\u00f3n del juez<\/strong><\/h3>\n<p>El dictamen hace referencia a vulneraci\u00f3n de derechos constitucionales del ex vicepresidente Jorge Glas y hace referencia en algunas medidas de reparaci\u00f3n a favor del afectado:<\/p>\n<ol>\n<li><strong>Dejar sin efecto la disposici\u00f3n<\/strong>\u00a0de excluir a Glas del pago de pensiones vitalicias mensuales.<\/li>\n<li>El Ministerio de Finanzas\u00a0<strong>deber\u00e1 restituir el pago de la pensi\u00f3n<\/strong>, en un plazo de 10 d\u00edas.<\/li>\n<li>La Cartera de Estado tambi\u00e9n\u00a0<strong>deber\u00e1 pagar las pensiones que se suspendieron<\/strong>\u00a0entre 2020 y 2023.<\/li>\n<li>Queda prohibido para el Ministerio de Finanzas o cualquier otra instituci\u00f3n del Estado\u00a0<strong>excluir del pago de la pensi\u00f3n vitalicia al exvicepresidente<\/strong>.<\/li>\n<li>El Ministerio de Finanzas tiene que entregar una\u00a0<strong>compensaci\u00f3n econ\u00f3mica a favor del exvicepresidente<\/strong>\u00a0\u201cpor la p\u00e9rdida de sus ingresos al haber sido excluido del pago de la pensi\u00f3n vitalicia sin sustento constitucional\u201d.<\/li>\n<li>En un plazo de 15 d\u00edas, el Ministerio de Finanzas debe notificar al juez Aguilar\u00a0<strong>sobre el cumplimiento de las medidas de reparaci\u00f3n<\/strong>.<\/li>\n<li>La sentencia\u00a0<strong>debe ser notificada al presidente Guillermo Lass<\/strong>o y al Banco Central, para que faciliten la ejecuci\u00f3n de lo dispuesto.<\/li>\n<\/ol>\n<p>&nbsp;<\/p>\n<p><em>S\u00edguenos #LDMnoticias \u00f3 #lodelmomentolojaLDM<\/em><\/p>\n<p>&nbsp;<\/p>\n","protected":false},"excerpt":{"rendered":"<p>En el a\u00f1o 2020 el ex presidente Rafael Correa y ex vicepresidente Jorge Glas fueron&#8230;<\/p>\n","protected":false},"author":1,"featured_media":15190,"comment_status":"open","ping_status":"open","sticky":false,"template":"","format":"standard","meta":{"footnotes":""},"categories":[7,1,5],"tags":[],"class_list":["post-15188","post","type-post","status-publish","format-standard","has-post-thumbnail","hentry","category-ecuador","category-inicio","category-loja"],"_links":{"self":[{"href":"https:\/\/www.lodelmomentoloja.com\/index.php?rest_route=\/wp\/v2\/posts\/15188"}],"collection":[{"href":"https:\/\/www.lodelmomentoloja.com\/index.php?rest_route=\/wp\/v2\/posts"}],"about":[{"href":"https:\/\/www.lodelmomentoloja.com\/index.php?rest_route=\/wp\/v2\/types\/post"}],"author":[{"embeddable":true,"href":"https:\/\/www.lodelmomentoloja.com\/index.php?rest_route=\/wp\/v2\/users\/1"}],"replies":[{"embeddable":true,"href":"https:\/\/www.lodelmomentoloja.com\/index.php?rest_route=%2Fwp%2Fv2%2Fcomments&post=15188"}],"version-history":[{"count":1,"href":"https:\/\/www.lodelmomentoloja.com\/index.php?rest_route=\/wp\/v2\/posts\/15188\/revisions"}],"predecessor-version":[{"id":15191,"href":"https:\/\/www.lodelmomentoloja.com\/index.php?rest_route=\/wp\/v2\/posts\/15188\/revisions\/15191"}],"wp:featuredmedia":[{"embeddable":true,"href":"https:\/\/www.lodelmomentoloja.com\/index.php?rest_route=\/wp\/v2\/media\/15190"}],"wp:attachment":[{"href":"https:\/\/www.lodelmomentoloja.com\/index.php?rest_route=%2Fwp%2Fv2%2Fmedia&parent=15188"}],"wp:term":[{"taxonomy":"category","embeddable":true,"href":"https:\/\/www.lodelmomentoloja.com\/index.php?rest_route=%2Fwp%2Fv2%2Fcategories&post=15188"},{"taxonomy":"post_tag","embeddable":true,"href":"https:\/\/www.lodelmomentoloja.com\/index.php?rest_route=%2Fwp%2Fv2%2Ftags&post=15188"}],"curies":[{"name":"wp","href":"https:\/\/api.w.org\/{rel}","templated":true}]}}