{"id":15119,"date":"2023-04-12T10:00:59","date_gmt":"2023-04-12T10:00:59","guid":{"rendered":"https:\/\/www.lodelmomentoloja.com\/?p=15119"},"modified":"2023-04-12T16:48:59","modified_gmt":"2023-04-12T16:48:59","slug":"diego-ordonez-dejara-la-secretaria-de-seguridad-publica","status":"publish","type":"post","link":"https:\/\/www.lodelmomentoloja.com\/?p=15119","title":{"rendered":"Ord\u00f3\u00f1ez deja la Secretar\u00eda de Seguridad P\u00fablica y Jan Topic lo reemplaza"},"content":{"rendered":"<p><strong>Diego Ordo\u00f1ez no seguir\u00e1 m\u00e1s en la Secretar\u00eda de Seguridad P\u00fablica y del Estado<\/strong> en una confirmaci\u00f3n a un diario de circulaci\u00f3n nacional, por lo que el ex consejero presidencial de 58 a\u00f1os se marchar\u00eda en medio de una ola de violencia nunca antes vista en el pa\u00eds luego de ocho meses\u00a0 -posesi\u00f3n 2 de agosto 2022- en el cargo. <strong>El nuevo reemplazo esta secretar\u00eda es Jan Topic<\/strong>, experto en seguridad p\u00fablica y privada con formaci\u00f3n militar en la legi\u00f3n extranjera y prest\u00f3 servicio en el combate entre Ucrania y Rusia.<\/p>\n<p><img loading=\"lazy\" decoding=\"async\" class=\"alignnone wp-image-15129 \" src=\"http:\/\/www.lodelmomentoloja.com\/wp-content\/uploads\/2023\/04\/fdcsxw-1024x774.jpg\" alt=\"\" width=\"469\" height=\"355\" srcset=\"https:\/\/www.lodelmomentoloja.com\/wp-content\/uploads\/2023\/04\/fdcsxw-1024x774.jpg 1024w, https:\/\/www.lodelmomentoloja.com\/wp-content\/uploads\/2023\/04\/fdcsxw-300x227.jpg 300w, https:\/\/www.lodelmomentoloja.com\/wp-content\/uploads\/2023\/04\/fdcsxw-768x580.jpg 768w, https:\/\/www.lodelmomentoloja.com\/wp-content\/uploads\/2023\/04\/fdcsxw-640x484.jpg 640w, https:\/\/www.lodelmomentoloja.com\/wp-content\/uploads\/2023\/04\/fdcsxw.jpg 1241w\" sizes=\"(max-width: 469px) 100vw, 469px\" \/><\/p>\n<p>&nbsp;<\/p>\n<p>&nbsp;<\/p>\n<p><img loading=\"lazy\" decoding=\"async\" class=\"wp-image-15120 alignleft\" src=\"http:\/\/www.lodelmomentoloja.com\/wp-content\/uploads\/2023\/04\/Captura-de-pantalla-2023-04-12-095242.jpg\" alt=\"\" width=\"300\" height=\"342\" srcset=\"https:\/\/www.lodelmomentoloja.com\/wp-content\/uploads\/2023\/04\/Captura-de-pantalla-2023-04-12-095242.jpg 737w, https:\/\/www.lodelmomentoloja.com\/wp-content\/uploads\/2023\/04\/Captura-de-pantalla-2023-04-12-095242-263x300.jpg 263w, https:\/\/www.lodelmomentoloja.com\/wp-content\/uploads\/2023\/04\/Captura-de-pantalla-2023-04-12-095242-640x730.jpg 640w\" sizes=\"(max-width: 300px) 100vw, 300px\" \/><\/p>\n<p><strong>EL PASO POR LA ASAMBLEA NACIONAL.<\/strong><\/p>\n<p>En un post del 28 de septiembre del 2020, Diego Ordo\u00f1ez posaba con Guillermo Lasso bajo un dise\u00f1o publicitario del Movimiento CREO 21, hac\u00eda alusi\u00f3n que levantar\u00edan el pa\u00eds, una publicaci\u00f3n que era con un a\u00f1o de anticipaci\u00f3n a las elecciones presidenciales del 2021.<\/p>\n<p>Seg\u00fan la informaci\u00f3n recopilada por Radio La Calle, Diego Ord\u00f3\u00f1ez qui\u00e9n era asamble\u00edsta de CREO por la provincia de Pichincha desde mayo de 2021, <strong>en su rol registr\u00f3 145 asistencias y 12 ausencias<\/strong> (seg\u00fan el Observatorio Legislativo). Adem\u00e1s fue integrante de la Comisi\u00f3n de R\u00e9gimen Econ\u00f3mico y Tributario pero en <strong>10 meses nunca present\u00f3 un proyecto de ley.<\/strong><\/p>\n<p>&nbsp;<\/p>\n<p>&nbsp;<\/p>\n<p>&nbsp;<\/p>\n<p>La salida de Diego Ordo\u00f1ez, quien tambi\u00e9n cumpli\u00f3 funciones como consejero de Gobierno, se hizo mucho m\u00e1s visible tras la masacre ocurrida en la ma\u00f1ana del martes 11 de abril en el puerto pesquero artesanal de Esmeraldas donde un estimado de nueve personas asesinadas a manos de sujetos con armas de grueso calibre.<\/p>\n<p>Por otro lado, la asamble\u00edsta de Mireya Pazmi\u00f1o puntualiz\u00f3 sobre el retiro de firmas de Ricardo Vanegas y Sof\u00eda S\u00e1nchez del que podr\u00eda haber sido un juicio pol\u00edtico a Diego Ordo\u00f1ez .<\/p>\n<blockquote class=\"twitter-tweet\" data-width=\"550\" data-dnt=\"true\">\n<p lang=\"es\" dir=\"ltr\">\ud83d\udd34URGENTE<\/p>\n<p>Los asambleista, Ricardo Vanegas y Sofia S\u00e1nchez, retiran las firmas para el juicio pol\u00edtico a Diego Ord\u00f3\u00f1ez,.<\/p>\n<p>Sirvi\u00f3 de chantaje el pedido de juicio?<br \/>Que recibieron a cambio? <a href=\"https:\/\/twitter.com\/CONAIE_Ecuador?ref_src=twsrc%5Etfw\">@CONAIE_Ecuador<\/a> <a href=\"https:\/\/twitter.com\/BancadaPkEc?ref_src=twsrc%5Etfw\">@BancadaPkEc<\/a> <a href=\"https:\/\/twitter.com\/AsambleaEcuador?ref_src=twsrc%5Etfw\">@AsambleaEcuador<\/a> <a href=\"https:\/\/t.co\/gr9BaauUMD\">https:\/\/t.co\/gr9BaauUMD<\/a> <a href=\"https:\/\/t.co\/0S0eLyPGsF\">pic.twitter.com\/0S0eLyPGsF<\/a><\/p>\n<p>&mdash; Mireya Pazmi\u00f1o (@mireyapazminoa) <a href=\"https:\/\/twitter.com\/mireyapazminoa\/status\/1646157665364500481?ref_src=twsrc%5Etfw\">April 12, 2023<\/a><\/p><\/blockquote>\n<p><script async src=\"https:\/\/platform.twitter.com\/widgets.js\" charset=\"utf-8\"><\/script><\/p>\n<p><em>S\u00edguenos #LDMnoticias \u00f3 #lodelmomentolojaLDM<\/em><\/p>\n","protected":false},"excerpt":{"rendered":"<p>Diego Ordo\u00f1ez no seguir\u00e1 m\u00e1s en la Secretar\u00eda de Seguridad P\u00fablica y del Estado en&#8230;<\/p>\n","protected":false},"author":1,"featured_media":15130,"comment_status":"open","ping_status":"open","sticky":false,"template":"","format":"standard","meta":{"footnotes":""},"categories":[7,1],"tags":[],"class_list":["post-15119","post","type-post","status-publish","format-standard","has-post-thumbnail","hentry","category-ecuador","category-inicio"],"_links":{"self":[{"href":"https:\/\/www.lodelmomentoloja.com\/index.php?rest_route=\/wp\/v2\/posts\/15119"}],"collection":[{"href":"https:\/\/www.lodelmomentoloja.com\/index.php?rest_route=\/wp\/v2\/posts"}],"about":[{"href":"https:\/\/www.lodelmomentoloja.com\/index.php?rest_route=\/wp\/v2\/types\/post"}],"author":[{"embeddable":true,"href":"https:\/\/www.lodelmomentoloja.com\/index.php?rest_route=\/wp\/v2\/users\/1"}],"replies":[{"embeddable":true,"href":"https:\/\/www.lodelmomentoloja.com\/index.php?rest_route=%2Fwp%2Fv2%2Fcomments&post=15119"}],"version-history":[{"count":6,"href":"https:\/\/www.lodelmomentoloja.com\/index.php?rest_route=\/wp\/v2\/posts\/15119\/revisions"}],"predecessor-version":[{"id":15132,"href":"https:\/\/www.lodelmomentoloja.com\/index.php?rest_route=\/wp\/v2\/posts\/15119\/revisions\/15132"}],"wp:featuredmedia":[{"embeddable":true,"href":"https:\/\/www.lodelmomentoloja.com\/index.php?rest_route=\/wp\/v2\/media\/15130"}],"wp:attachment":[{"href":"https:\/\/www.lodelmomentoloja.com\/index.php?rest_route=%2Fwp%2Fv2%2Fmedia&parent=15119"}],"wp:term":[{"taxonomy":"category","embeddable":true,"href":"https:\/\/www.lodelmomentoloja.com\/index.php?rest_route=%2Fwp%2Fv2%2Fcategories&post=15119"},{"taxonomy":"post_tag","embeddable":true,"href":"https:\/\/www.lodelmomentoloja.com\/index.php?rest_route=%2Fwp%2Fv2%2Ftags&post=15119"}],"curies":[{"name":"wp","href":"https:\/\/api.w.org\/{rel}","templated":true}]}}