{"id":15099,"date":"2023-04-11T11:00:45","date_gmt":"2023-04-11T11:00:45","guid":{"rendered":"https:\/\/www.lodelmomentoloja.com\/?p=15099"},"modified":"2023-04-11T16:43:46","modified_gmt":"2023-04-11T16:43:46","slug":"limpia-parabrisas-apunala-a-conductor-por-prohibirle-que-no-lo-haga","status":"publish","type":"post","link":"https:\/\/www.lodelmomentoloja.com\/?p=15099","title":{"rendered":"Limpia parabrisas apu\u00f1ala a conductor por prohibirle que limpie su cristal."},"content":{"rendered":"<p>El pasado 5 de abril, en la intersecci\u00f3n de las avenidas Miguel Grau y Abancay, en el\u00a0<strong>Cercado de Lima-Per\u00fa<\/strong>, un ciudadano de aproximadamente 30 a\u00f1os que se encontraba en su veh\u00edculo junto a esposa y otros familiares esperando el sem\u00e1foro en rojo mientras se dirig\u00eda a enviar una encomienda a sus parientes, en ese momento, <strong>un limpiador de parabrisas se acerca realizar la actividad pero al ver la negativa de la v\u00edctima lo apu\u00f1al\u00f3 con unas tijeras sin reparo alguno<\/strong>, <strong>todo esto a plena luz del d\u00eda<\/strong>; posteriormente al acto, el agresor se retir\u00f3 caminando sin que nadie lo detuviera, as\u00ed registran las c\u00e1maras de seguridad de la\u00a0Municipalidad de Lima Metropolitana.<\/p>\n<p class=\"paragraph\" data-mrf-recirculation=\"Links inline\">Luego del incidente, la v\u00edctima fue trasladada a la casa de salud m\u00e1s cercana pero su suerte fue triste, este perdi\u00f3 la vida a causa de la actuaci\u00f3n del sujeto que le perfor\u00f3 el pulm\u00f3n.<\/p>\n<h3 data-mrf-recirculation=\"Links inline\">Los familiares narran los hechos.<\/h3>\n<p>Seg\u00fan el Diario Marca, de acuerdo con los testimonios de la esposa de la v\u00edctima, que iba de copiloto, el atacante se acerc\u00f3 para limpiar el parabrisas pues este se negaba porque el veh\u00edculo se encontraba limpio.<\/p>\n<p>El fallecido, identificado como\u00a0<strong>Caro N\u00fa\u00f1ez<\/strong>, baj\u00f3 de su auto para reclamarle, pues ya le hab\u00eda pedido que no lo hiciera. El hombre sostuvo una\u00a0<strong>discusi\u00f3n<\/strong> con el limpiaparabrisas y cuando iba a regresar a su auto, el sujeto de 22 a\u00f1os de edad y origen venezolano, lo\u00a0<strong>apu\u00f1al\u00f3<\/strong>\u00a0con una\u00a0<strong>tijera<\/strong>\u00a0a la altura del\u00a0<strong>coraz\u00f3n<\/strong>, atravesando tambi\u00e9n un\u00a0<strong>pulm\u00f3n<\/strong>.<\/p>\n<h4 data-mrf-recirculation=\"Links inline\">\u00bfQui\u00e9n es el agresor?<\/h4>\n<p data-mrf-recirculation=\"Links inline\">El sujeto de 22 a\u00f1os de edad y origen venezolano, responde a los nombres de\u00a0 identificado como <strong>Jos\u00e9 Alberto G. alias &#8220;N&#8221;,<\/strong> horas m\u00e1s tarde fue atrapado por la polic\u00eda, el agresor fue llevado a la comisar\u00eda de\u00a0<strong>Cotabambas<\/strong>, donde admiti\u00f3 el\u00a0<strong>crimen<\/strong>, pero aleg\u00f3 que fue en\u00a0<strong>defensa propia<\/strong>. Adem\u00e1s, permanecer\u00e1 en <b>prisi\u00f3n preventiva<\/b> durante 8 meses por orden del Poder Judicial, mientras lo investigan por el asesinato de Marco Caro N\u00fa\u00f1ez.<\/p>\n<p><img loading=\"lazy\" decoding=\"async\" class=\"alignnone wp-image-15100 size-large\" src=\"http:\/\/www.lodelmomentoloja.com\/wp-content\/uploads\/2023\/04\/rewq-1024x613.jpg\" alt=\"\" width=\"640\" height=\"383\" srcset=\"https:\/\/www.lodelmomentoloja.com\/wp-content\/uploads\/2023\/04\/rewq-1024x613.jpg 1024w, https:\/\/www.lodelmomentoloja.com\/wp-content\/uploads\/2023\/04\/rewq-300x180.jpg 300w, https:\/\/www.lodelmomentoloja.com\/wp-content\/uploads\/2023\/04\/rewq-768x460.jpg 768w, https:\/\/www.lodelmomentoloja.com\/wp-content\/uploads\/2023\/04\/rewq-640x383.jpg 640w, https:\/\/www.lodelmomentoloja.com\/wp-content\/uploads\/2023\/04\/rewq-1536x920.jpg 1536w, https:\/\/www.lodelmomentoloja.com\/wp-content\/uploads\/2023\/04\/rewq.jpg 1566w\" sizes=\"(max-width: 640px) 100vw, 640px\" \/><\/p>\n<h3><\/h3>\n<h3>Una medida ante el caso &#8220;Limpia parabrisas&#8221;<\/h3>\n<p>El alcalde de\u00a0<b>Lima<\/b>\u00a0Metropolitana,\u00a0<b>Rafael L\u00f3pez Aliaga<\/b>, reafirm\u00f3 este domingo 9 de abril sus intenciones de erradicar a los llamados \u2018<b>limpiaparabrisas<\/b>\u2019 de las calles de la capital, como respuesta al asesinato a manos de un ciudadano venezolano, quien lo atac\u00f3 con un objeto punzocortante por supuestamente negarse a darle 50 c\u00e9ntimos.<\/p>\n<p>En esa l\u00ednea, anunci\u00f3 que pedir\u00e1 la creaci\u00f3n de una\u00a0<b>ordenanza<\/b> en la pr\u00f3xima sesi\u00f3n de la alcald\u00eda para prohibir el trabajo de limpiaparabrisas en los sem\u00e1foros de Lima y as\u00ed mismo fue, hoy en d\u00eda, el distrito de Lima ha prohibido que se realice limpieza de parabrisas.<\/p>\n<p>&nbsp;<\/p>\n<h4>Multa para quien haga y permita la actividad de limpia parabrisas.<\/h4>\n<p>Desde este lunes, el distrito de Santiago de Surco, de Lima Metropolitana, prohibir\u00e1 que en las calles se realice la actividad de limpiaparabrisas ante esto se estableci\u00f3 una multa que tambi\u00e9n afectar\u00e1 a quien permita que se realice en su veh\u00edculo.<\/p>\n<p>El alcalde Carlos Bruce emiti\u00f3 el decreto el pasado s\u00e1bado donde se establece una multa de 1.732,50 soles peruanos (463.65 d\u00f3lares) y la infracci\u00f3n ser\u00e1 calificada como grave a quien realice la actividad comercial sin autorizaci\u00f3n municipal, adem\u00e1s del decomiso de los implementos, tales como baldes, limpialunas, trapos, etc, los que usan para ese fin. Por otro lado, las sanciones tambi\u00e9n ser\u00e1n para los conductores que soliciten el lavado de su veh\u00edculo en la v\u00eda p\u00fablica.\u00a0De esta manera, se deber\u00e1 pagar el 10% de una UIT, es decir, 495 soles y su infracci\u00f3n ser\u00e1 calificada como leve.<\/p>\n<p>\u201cHa ra\u00edz de hechos de violencia que vienen ocurriendo en la capital, hoy he firmado un decreto de alcald\u00eda ordenando al Serenazgo, en coordinaci\u00f3n con la Polica Nacional, que erradiquen la actividad de los limpiadores de lunas y lavadores de carros en la via p\u00fablica en Surco\u201d, escribi\u00f3 el alcalde Bruce. (I)<\/p>\n<p>&nbsp;<\/p>\n<p><em><strong>OTRO CASO REGISTRADO POR C\u00c1MARAS DE AFICIONADOS.<\/strong><\/em><\/p>\n<p><iframe loading=\"lazy\" title=\"SMP: conductor se enfrenta a limpiaparabrisas que golpe\u00f3 su auto\" width=\"640\" height=\"360\" src=\"https:\/\/www.youtube.com\/embed\/QJergj-uNqY?feature=oembed\" frameborder=\"0\" allow=\"accelerometer; autoplay; clipboard-write; encrypted-media; gyroscope; picture-in-picture; web-share\" referrerpolicy=\"strict-origin-when-cross-origin\" allowfullscreen><\/iframe><\/p>\n<p>&nbsp;<\/p>\n<p>&nbsp;<\/p>\n<p><em>S\u00edguenos #LDMnoticias \u00f3 #lodelmomentolojaLDM<\/em><\/p>\n","protected":false},"excerpt":{"rendered":"<p>El pasado 5 de abril, en la intersecci\u00f3n de las avenidas Miguel Grau y Abancay,&#8230;<\/p>\n","protected":false},"author":1,"featured_media":15101,"comment_status":"open","ping_status":"open","sticky":false,"template":"","format":"standard","meta":{"footnotes":""},"categories":[7,1,4],"tags":[],"class_list":["post-15099","post","type-post","status-publish","format-standard","has-post-thumbnail","hentry","category-ecuador","category-inicio","category-internacional"],"_links":{"self":[{"href":"https:\/\/www.lodelmomentoloja.com\/index.php?rest_route=\/wp\/v2\/posts\/15099"}],"collection":[{"href":"https:\/\/www.lodelmomentoloja.com\/index.php?rest_route=\/wp\/v2\/posts"}],"about":[{"href":"https:\/\/www.lodelmomentoloja.com\/index.php?rest_route=\/wp\/v2\/types\/post"}],"author":[{"embeddable":true,"href":"https:\/\/www.lodelmomentoloja.com\/index.php?rest_route=\/wp\/v2\/users\/1"}],"replies":[{"embeddable":true,"href":"https:\/\/www.lodelmomentoloja.com\/index.php?rest_route=%2Fwp%2Fv2%2Fcomments&post=15099"}],"version-history":[{"count":2,"href":"https:\/\/www.lodelmomentoloja.com\/index.php?rest_route=\/wp\/v2\/posts\/15099\/revisions"}],"predecessor-version":[{"id":15103,"href":"https:\/\/www.lodelmomentoloja.com\/index.php?rest_route=\/wp\/v2\/posts\/15099\/revisions\/15103"}],"wp:featuredmedia":[{"embeddable":true,"href":"https:\/\/www.lodelmomentoloja.com\/index.php?rest_route=\/wp\/v2\/media\/15101"}],"wp:attachment":[{"href":"https:\/\/www.lodelmomentoloja.com\/index.php?rest_route=%2Fwp%2Fv2%2Fmedia&parent=15099"}],"wp:term":[{"taxonomy":"category","embeddable":true,"href":"https:\/\/www.lodelmomentoloja.com\/index.php?rest_route=%2Fwp%2Fv2%2Fcategories&post=15099"},{"taxonomy":"post_tag","embeddable":true,"href":"https:\/\/www.lodelmomentoloja.com\/index.php?rest_route=%2Fwp%2Fv2%2Ftags&post=15099"}],"curies":[{"name":"wp","href":"https:\/\/api.w.org\/{rel}","templated":true}]}}