{"id":15078,"date":"2023-04-10T10:57:57","date_gmt":"2023-04-10T10:57:57","guid":{"rendered":"https:\/\/www.lodelmomentoloja.com\/?p=15078"},"modified":"2023-04-10T15:59:47","modified_gmt":"2023-04-10T15:59:47","slug":"atleta-lojano-consigue-tercer-lugar-a-nivel-nacional","status":"publish","type":"post","link":"https:\/\/www.lodelmomentoloja.com\/?p=15078","title":{"rendered":"Atleta Lojano consigue tercer lugar a nivel nacional"},"content":{"rendered":"<p dir=\"ltr\">\ud83e\udd29\ud83d\udcaa\ud83c\udffc\ud83d\udc4f\ud83c\udffc \u00a1Consigui\u00f3 el podio! El lojano Daniel Neira, tambi\u00e9n conocio c\u00f3mo &#8216;Palomo 90&#8217;, logr\u00f3 el tercer lugar, en la categor\u00eda Open de la competencia OCR (Carrera de Obst\u00e1culos), evento que se llev\u00f3 a cabo el 08 de abril en Crucita, Manab\u00ed.<\/p>\n<p dir=\"ltr\">\n<p dir=\"ltr\"><img loading=\"lazy\" decoding=\"async\" class=\"alignnone size-medium wp-image-15080\" src=\"http:\/\/www.lodelmomentoloja.com\/wp-content\/uploads\/2023\/04\/FB_IMG_1681141000172-169x300.jpg\" alt=\"\" width=\"169\" height=\"300\" srcset=\"https:\/\/www.lodelmomentoloja.com\/wp-content\/uploads\/2023\/04\/FB_IMG_1681141000172-169x300.jpg 169w, https:\/\/www.lodelmomentoloja.com\/wp-content\/uploads\/2023\/04\/FB_IMG_1681141000172-576x1024.jpg 576w, https:\/\/www.lodelmomentoloja.com\/wp-content\/uploads\/2023\/04\/FB_IMG_1681141000172-768x1365.jpg 768w, https:\/\/www.lodelmomentoloja.com\/wp-content\/uploads\/2023\/04\/FB_IMG_1681141000172-640x1138.jpg 640w, https:\/\/www.lodelmomentoloja.com\/wp-content\/uploads\/2023\/04\/FB_IMG_1681141000172-864x1536.jpg 864w, https:\/\/www.lodelmomentoloja.com\/wp-content\/uploads\/2023\/04\/FB_IMG_1681141000172-1024x1820.jpg 1024w, https:\/\/www.lodelmomentoloja.com\/wp-content\/uploads\/2023\/04\/FB_IMG_1681141000172.jpg 1080w\" sizes=\"(max-width: 169px) 100vw, 169px\" \/><\/p>\n<p dir=\"ltr\">www.lodelmomentoloja.com<br \/>\n#LDMnoticias #lodelmomentolojaLDM<\/p>\n","protected":false},"excerpt":{"rendered":"<p>\ud83e\udd29\ud83d\udcaa\ud83c\udffc\ud83d\udc4f\ud83c\udffc \u00a1Consigui\u00f3 el podio! El lojano Daniel Neira, tambi\u00e9n conocio c\u00f3mo &#8216;Palomo 90&#8217;, logr\u00f3 el&#8230;<\/p>\n","protected":false},"author":1,"featured_media":15079,"comment_status":"open","ping_status":"open","sticky":false,"template":"","format":"standard","meta":{"footnotes":""},"categories":[7,1,4,5],"tags":[],"class_list":["post-15078","post","type-post","status-publish","format-standard","has-post-thumbnail","hentry","category-ecuador","category-inicio","category-internacional","category-loja"],"_links":{"self":[{"href":"https:\/\/www.lodelmomentoloja.com\/index.php?rest_route=\/wp\/v2\/posts\/15078"}],"collection":[{"href":"https:\/\/www.lodelmomentoloja.com\/index.php?rest_route=\/wp\/v2\/posts"}],"about":[{"href":"https:\/\/www.lodelmomentoloja.com\/index.php?rest_route=\/wp\/v2\/types\/post"}],"author":[{"embeddable":true,"href":"https:\/\/www.lodelmomentoloja.com\/index.php?rest_route=\/wp\/v2\/users\/1"}],"replies":[{"embeddable":true,"href":"https:\/\/www.lodelmomentoloja.com\/index.php?rest_route=%2Fwp%2Fv2%2Fcomments&post=15078"}],"version-history":[{"count":1,"href":"https:\/\/www.lodelmomentoloja.com\/index.php?rest_route=\/wp\/v2\/posts\/15078\/revisions"}],"predecessor-version":[{"id":15081,"href":"https:\/\/www.lodelmomentoloja.com\/index.php?rest_route=\/wp\/v2\/posts\/15078\/revisions\/15081"}],"wp:featuredmedia":[{"embeddable":true,"href":"https:\/\/www.lodelmomentoloja.com\/index.php?rest_route=\/wp\/v2\/media\/15079"}],"wp:attachment":[{"href":"https:\/\/www.lodelmomentoloja.com\/index.php?rest_route=%2Fwp%2Fv2%2Fmedia&parent=15078"}],"wp:term":[{"taxonomy":"category","embeddable":true,"href":"https:\/\/www.lodelmomentoloja.com\/index.php?rest_route=%2Fwp%2Fv2%2Fcategories&post=15078"},{"taxonomy":"post_tag","embeddable":true,"href":"https:\/\/www.lodelmomentoloja.com\/index.php?rest_route=%2Fwp%2Fv2%2Ftags&post=15078"}],"curies":[{"name":"wp","href":"https:\/\/api.w.org\/{rel}","templated":true}]}}