{"id":15073,"date":"2023-04-10T09:16:29","date_gmt":"2023-04-10T09:16:29","guid":{"rendered":"https:\/\/www.lodelmomentoloja.com\/?p=15073"},"modified":"2023-04-10T14:18:31","modified_gmt":"2023-04-10T14:18:31","slug":"nueva-agenda-urbana-fue-aprobada-por-asamblea-nacional","status":"publish","type":"post","link":"https:\/\/www.lodelmomentoloja.com\/?p=15073","title":{"rendered":"Nueva agenda urbana fue aprobada por Asamblea Nacional"},"content":{"rendered":"<p><em>Este proyecto de resoluci\u00f3n es fundamental para el desarrollo sostenible del Ecuador, debido a que establece lineamientos y estrategias necesarias para garantizar ciudades m\u00e1s eficientes, planificadas y solidarias.<\/em><\/p>\n<p><img loading=\"lazy\" decoding=\"async\" class=\"alignnone size-medium wp-image-15075\" src=\"http:\/\/www.lodelmomentoloja.com\/wp-content\/uploads\/2023\/04\/IMG_20230410_091455_723-300x300.webp\" alt=\"\" width=\"300\" height=\"300\" srcset=\"https:\/\/www.lodelmomentoloja.com\/wp-content\/uploads\/2023\/04\/IMG_20230410_091455_723-300x300.webp 300w, https:\/\/www.lodelmomentoloja.com\/wp-content\/uploads\/2023\/04\/IMG_20230410_091455_723-1024x1024.webp 1024w, https:\/\/www.lodelmomentoloja.com\/wp-content\/uploads\/2023\/04\/IMG_20230410_091455_723-150x150.webp 150w, https:\/\/www.lodelmomentoloja.com\/wp-content\/uploads\/2023\/04\/IMG_20230410_091455_723-768x768.webp 768w, https:\/\/www.lodelmomentoloja.com\/wp-content\/uploads\/2023\/04\/IMG_20230410_091455_723-640x640.webp 640w, https:\/\/www.lodelmomentoloja.com\/wp-content\/uploads\/2023\/04\/IMG_20230410_091455_723.webp 1440w\" sizes=\"(max-width: 300px) 100vw, 300px\" \/><\/p>\n<p>Con el fin de aportar al cumplimiento de los Objetivos de Desarrollo Sostenible (ODS); en especial, del No. 11 que busca que las <strong>ciudades y asentamientos humanos sean m\u00e1s inclusivos, seguros, resilientes y sostenibles<\/strong>, Santiago P\u00e9rez Samaniego, Coordinador de Gesti\u00f3n de C\u00e1tedras UNESCO de la Universidad T\u00e9cnica Particular de Loja (UTPL), y el legislador por la provincia de Loja, Byron Maldonado, expusieron ante el Pleno de la Asamblea Nacional del Ecuador la <strong>Resoluci\u00f3n que plantea la incorporaci\u00f3n de la Nueva Agenda Urbana como insumo en el proceso de Formaci\u00f3n de la Ley<\/strong>, con miras a la consolidaci\u00f3n de pol\u00edticas y acciones urbanas sostenibles.<\/p>\n<p>Este instrumento fue <strong>aprobado con 119 votos<\/strong>, lo que permitir\u00e1 que los <strong>proyectos de ley relacionados con la tem\u00e1tica urbana, su desarrollo, ordenamiento; e, inclusive, la relaci\u00f3n urbano-rural, se trabajen bajo par\u00e1metros de sostenibilidad<\/strong>, tomando en consideraci\u00f3n que para el a\u00f1o 2030 se prev\u00e9 que cerca del 60% de la poblaci\u00f3n mundial habite en ciudades.<\/p>\n<p><img loading=\"lazy\" decoding=\"async\" class=\"alignnone size-medium wp-image-15076\" src=\"http:\/\/www.lodelmomentoloja.com\/wp-content\/uploads\/2023\/04\/InShot_20230410_090422557-300x300.jpg\" alt=\"\" width=\"300\" height=\"300\" srcset=\"https:\/\/www.lodelmomentoloja.com\/wp-content\/uploads\/2023\/04\/InShot_20230410_090422557-300x300.jpg 300w, https:\/\/www.lodelmomentoloja.com\/wp-content\/uploads\/2023\/04\/InShot_20230410_090422557-1024x1024.jpg 1024w, https:\/\/www.lodelmomentoloja.com\/wp-content\/uploads\/2023\/04\/InShot_20230410_090422557-150x150.jpg 150w, https:\/\/www.lodelmomentoloja.com\/wp-content\/uploads\/2023\/04\/InShot_20230410_090422557-768x768.jpg 768w, https:\/\/www.lodelmomentoloja.com\/wp-content\/uploads\/2023\/04\/InShot_20230410_090422557-640x640.jpg 640w, https:\/\/www.lodelmomentoloja.com\/wp-content\/uploads\/2023\/04\/InShot_20230410_090422557-1536x1536.jpg 1536w, https:\/\/www.lodelmomentoloja.com\/wp-content\/uploads\/2023\/04\/InShot_20230410_090422557.jpg 1920w\" sizes=\"(max-width: 300px) 100vw, 300px\" \/><\/p>\n<p>Como antecedente, la <strong>Nueva Agenda Urbana fue adoptada por la Conferencia de las Naciones Unidas sobre la Vivienda y el Desarrollo Urbano Sostenible (H\u00e1bitat III), celebrada en la ciudad de Quito en 2016<\/strong>. Desde su instauraci\u00f3n, varios pa\u00edses han reconocido su importancia para generar un desarrollo urbano amigable, puesto que integra diferentes objetivos y estrategias que pretenden mejorar la calidad de vida de las personas que habitan en \u00e1reas urbanas y rurales; as\u00ed mismo, garantiza el cuidado ambiental e inclusi\u00f3n social, a trav\u00e9s de un enfoque integral y coordinado con la participaci\u00f3n de todos los actores relacionados.<\/p>\n<p>Santiago P\u00e9rez Samaniego, coordinador de Gesti\u00f3n de C\u00e1tedras UNESCO de la UTPL, manifiesta que <strong>como miembros de la campa\u00f1a urbana mundial de ONU H\u00e1bitat es nuestro compromiso impulsar el reconocimiento de la Nueva Agenda,<\/strong> como un insumo fundamental para la construcci\u00f3n de pol\u00edticas y normativas que posibiliten desarrollar espacios de calidad efectivamente humana. Este trabajo colaborativo entre la UTPL y sus C\u00e1tedras UNESCO, Smartly Emprendedurismo Social en ODS y el asamble\u00edsta por la provincia de Loja, Byron Maldonado, es un ejemplo de articulaci\u00f3n efectiva entre la academia y los tomadores de decisiones en favor del desarrollo sostenible del Ecuador.<\/p>\n<p>Sobre la estructuraci\u00f3n de la Nueva Agenda Urbana, explic\u00f3 que est\u00e1 pensada como un <strong>recurso para diversos actores en diferentes niveles de gobierno<\/strong>. Es una gu\u00eda u hoja de ruta que establece est\u00e1ndares y principios para la planificaci\u00f3n, construcci\u00f3n, desarrollo, gesti\u00f3n y mejora de las \u00e1reas urbanas a lo largo de sus cinco pilares: <strong>Pol\u00edticas urbanas nacionales, Legislaci\u00f3n y regulaciones urbanas, Planificaci\u00f3n y dise\u00f1o urbano, Econom\u00eda local y finanzas municipales, e Implementaci\u00f3n local. <\/strong><\/p>\n<p><strong>\u00a0<\/strong><\/p>\n<p><strong>\u00a0<\/strong><\/p>\n<p><strong>\u00a0<\/strong><\/p>\n<p>\u201cEntre los beneficios que obtendremos con la aprobaci\u00f3n de este proyecto de resoluci\u00f3n est\u00e1 una mejor planificaci\u00f3n y gesti\u00f3n urbana, adem\u00e1s de alentar la participaci\u00f3n ciudadana e inclusi\u00f3n social, para as\u00ed gestionar de manera efectiva los grupos m\u00e1s vulnerables. Por otro lado, impulsar\u00e1 la cooperaci\u00f3n internacional y financiaci\u00f3n para proyectos urbanos sostenibles en Ecuador\u201d, destaca.<\/p>\n<p>Para garantizar estos beneficios, P\u00e9rez recalca la importancia de fomentar un trabajo articulado en territorio, donde el <strong>Gobierno, academia, organismos internacionales, cooperaci\u00f3n internacional y la sociedad civil<\/strong>, ahonden esfuerzos alineados en dar cumplimiento a esta innovadora propuesta.<\/p>\n<p><strong>Dato<\/strong><\/p>\n<p>La labor de las C\u00e1tedras UNESCO de la UTPL se centra en la creaci\u00f3n de redes a trav\u00e9s del programa UNITWIN que favorezcan la cooperaci\u00f3n con Instituciones de Educaci\u00f3n Superior, tomadores de decisiones, y sociedad civil, orientadas a la consecuci\u00f3n de los Objetivos de Desarrollo Sostenible (ODS) y la agenda 2030.<\/p>\n","protected":false},"excerpt":{"rendered":"<p>Este proyecto de resoluci\u00f3n es fundamental para el desarrollo sostenible del Ecuador, debido a que&#8230;<\/p>\n","protected":false},"author":1,"featured_media":15074,"comment_status":"open","ping_status":"open","sticky":false,"template":"","format":"standard","meta":{"footnotes":""},"categories":[7,1,5],"tags":[],"class_list":["post-15073","post","type-post","status-publish","format-standard","has-post-thumbnail","hentry","category-ecuador","category-inicio","category-loja"],"_links":{"self":[{"href":"https:\/\/www.lodelmomentoloja.com\/index.php?rest_route=\/wp\/v2\/posts\/15073"}],"collection":[{"href":"https:\/\/www.lodelmomentoloja.com\/index.php?rest_route=\/wp\/v2\/posts"}],"about":[{"href":"https:\/\/www.lodelmomentoloja.com\/index.php?rest_route=\/wp\/v2\/types\/post"}],"author":[{"embeddable":true,"href":"https:\/\/www.lodelmomentoloja.com\/index.php?rest_route=\/wp\/v2\/users\/1"}],"replies":[{"embeddable":true,"href":"https:\/\/www.lodelmomentoloja.com\/index.php?rest_route=%2Fwp%2Fv2%2Fcomments&post=15073"}],"version-history":[{"count":1,"href":"https:\/\/www.lodelmomentoloja.com\/index.php?rest_route=\/wp\/v2\/posts\/15073\/revisions"}],"predecessor-version":[{"id":15077,"href":"https:\/\/www.lodelmomentoloja.com\/index.php?rest_route=\/wp\/v2\/posts\/15073\/revisions\/15077"}],"wp:featuredmedia":[{"embeddable":true,"href":"https:\/\/www.lodelmomentoloja.com\/index.php?rest_route=\/wp\/v2\/media\/15074"}],"wp:attachment":[{"href":"https:\/\/www.lodelmomentoloja.com\/index.php?rest_route=%2Fwp%2Fv2%2Fmedia&parent=15073"}],"wp:term":[{"taxonomy":"category","embeddable":true,"href":"https:\/\/www.lodelmomentoloja.com\/index.php?rest_route=%2Fwp%2Fv2%2Fcategories&post=15073"},{"taxonomy":"post_tag","embeddable":true,"href":"https:\/\/www.lodelmomentoloja.com\/index.php?rest_route=%2Fwp%2Fv2%2Ftags&post=15073"}],"curies":[{"name":"wp","href":"https:\/\/api.w.org\/{rel}","templated":true}]}}