{"id":15034,"date":"2023-04-05T12:37:48","date_gmt":"2023-04-05T12:37:48","guid":{"rendered":"https:\/\/www.lodelmomentoloja.com\/?p=15034"},"modified":"2023-04-05T17:38:45","modified_gmt":"2023-04-05T17:38:45","slug":"german-caceres-sera-trasladado-a-otro-centro-penitenciario","status":"publish","type":"post","link":"https:\/\/www.lodelmomentoloja.com\/?p=15034","title":{"rendered":"Germ\u00e1n C\u00e1ceres ser\u00e1 trasladado a otro centro penitenciario"},"content":{"rendered":"<p dir=\"ltr\">\ud83d\ude31\ud83d\udc4a\ud83c\udffb\ud83d\udc64 &#8216;\u00a1Lo ponen a buen recaudo!&#8217; Luego del enfrentamiento entre las bandas R7 y Los Lobos en La Roca, suceso que dej\u00f3 presos muertos y heridos\u00a0 la tarde del 4 de abril, el Ministerio del Interior inform\u00f3 que el expolic\u00eda Germ\u00e1n C\u00e1ceres (procesado por femicidio) ser\u00e1 trasladado a otra c\u00e1rcel del pa\u00eds, por motivos de seguridad.<\/p>\n<p dir=\"ltr\">www.lodelmomentoloja.com<br \/>\n#LDMnoticias #lodelmomentolojaLDM<\/p>\n","protected":false},"excerpt":{"rendered":"<p>\ud83d\ude31\ud83d\udc4a\ud83c\udffb\ud83d\udc64 &#8216;\u00a1Lo ponen a buen recaudo!&#8217; Luego del enfrentamiento entre las bandas R7 y Los&#8230;<\/p>\n","protected":false},"author":1,"featured_media":15035,"comment_status":"open","ping_status":"open","sticky":false,"template":"","format":"standard","meta":{"footnotes":""},"categories":[7,1],"tags":[],"class_list":["post-15034","post","type-post","status-publish","format-standard","has-post-thumbnail","hentry","category-ecuador","category-inicio"],"_links":{"self":[{"href":"https:\/\/www.lodelmomentoloja.com\/index.php?rest_route=\/wp\/v2\/posts\/15034"}],"collection":[{"href":"https:\/\/www.lodelmomentoloja.com\/index.php?rest_route=\/wp\/v2\/posts"}],"about":[{"href":"https:\/\/www.lodelmomentoloja.com\/index.php?rest_route=\/wp\/v2\/types\/post"}],"author":[{"embeddable":true,"href":"https:\/\/www.lodelmomentoloja.com\/index.php?rest_route=\/wp\/v2\/users\/1"}],"replies":[{"embeddable":true,"href":"https:\/\/www.lodelmomentoloja.com\/index.php?rest_route=%2Fwp%2Fv2%2Fcomments&post=15034"}],"version-history":[{"count":1,"href":"https:\/\/www.lodelmomentoloja.com\/index.php?rest_route=\/wp\/v2\/posts\/15034\/revisions"}],"predecessor-version":[{"id":15036,"href":"https:\/\/www.lodelmomentoloja.com\/index.php?rest_route=\/wp\/v2\/posts\/15034\/revisions\/15036"}],"wp:featuredmedia":[{"embeddable":true,"href":"https:\/\/www.lodelmomentoloja.com\/index.php?rest_route=\/wp\/v2\/media\/15035"}],"wp:attachment":[{"href":"https:\/\/www.lodelmomentoloja.com\/index.php?rest_route=%2Fwp%2Fv2%2Fmedia&parent=15034"}],"wp:term":[{"taxonomy":"category","embeddable":true,"href":"https:\/\/www.lodelmomentoloja.com\/index.php?rest_route=%2Fwp%2Fv2%2Fcategories&post=15034"},{"taxonomy":"post_tag","embeddable":true,"href":"https:\/\/www.lodelmomentoloja.com\/index.php?rest_route=%2Fwp%2Fv2%2Ftags&post=15034"}],"curies":[{"name":"wp","href":"https:\/\/api.w.org\/{rel}","templated":true}]}}