{"id":14994,"date":"2023-04-04T09:00:39","date_gmt":"2023-04-04T09:00:39","guid":{"rendered":"https:\/\/www.lodelmomentoloja.com\/?p=14994"},"modified":"2023-04-04T15:05:25","modified_gmt":"2023-04-04T15:05:25","slug":"utpl-y-confedec-sellan-acuerdo-en-favor-del-sector-educativo","status":"publish","type":"post","link":"https:\/\/www.lodelmomentoloja.com\/?p=14994","title":{"rendered":"UTPL y CONFEDEC sellan acuerdo en favor del sector educativo"},"content":{"rendered":"<p><em>A trav\u00e9s de un convenio de cooperaci\u00f3n, las dos instituciones impulsar\u00e1n aspectos como la formaci\u00f3n acad\u00e9mica mediante actividades educativas, proyectos de investigaci\u00f3n, programas de becas, pr\u00e1cticas estudiantiles y la innovaci\u00f3n docente.<\/em><\/p>\n<p>El jueves 30 de marzo, la Universidad T\u00e9cnica Particular de Loja (UTPL) y la Confederaci\u00f3n Ecuatoriana de Establecimientos de Educaci\u00f3n Cat\u00f3lica (CONFEDEC), sellaron un acuerdo en favor del desarrollo educativo que beneficiar\u00e1 de manera especial a los miembros de las Comunidades Educativas Cat\u00f3licas.<\/p>\n<p>La firma de los convenios de cooperaci\u00f3n se desarroll\u00f3 en el Centro Regional Quito de la UTPL. Durante el acto protocolar participaron Miury Placencia Tapia, representante de la universidad y R\u00f3mulo L\u00f3pez Seminario, presidente de la CONFEDEC.<\/p>\n<p>Esta alianza permitir\u00e1 que ambas instituciones desarrollen acciones en diferentes \u00e1mbitos como la formaci\u00f3n y capacitaci\u00f3n acad\u00e9mica, la elaboraci\u00f3n de proyectos de innovaci\u00f3n e investigaci\u00f3n, el intercambio de informaci\u00f3n sobre temas de inter\u00e9s com\u00fan, la incorporaci\u00f3n de nuevas tecnolog\u00edas y la cooperaci\u00f3n para la realizaci\u00f3n de pr\u00e1cticas estudiantiles.<\/p>\n<p>\u201cDesde la UTPL, estamos seguros de que este acuerdo nos permitir\u00e1 trabajar en conjunto, para impulsar proyectos e iniciativas que contribuir\u00e1n a impulsar el mejoramiento integral de la educaci\u00f3n cat\u00f3lica ecuatoriana y sus diferentes aliados\u201d, expres\u00f3 Placencia.<\/p>\n<p>Para la UTPL, este acuerdo es una oportunidad relevante, ya que le permitir\u00e1 tener un impacto significativo en diferentes territorios y niveles educativos, gracias a su cobertura nacional y sus diferentes propuestas en torno a la formaci\u00f3n acad\u00e9mica.<\/p>\n<p>\u201cNos sentimos muy emocionados de tener la posibilidad de aportar a la labor de la CONFEDEC, orientando la tarea educativa comprometida con el trabajo de la Iglesia y sumar nuestra visi\u00f3n, que se enmarca en promover el humanismo de Cristo para alcanzar un balance adecuado entre la fe y la raz\u00f3n\u201d, ratific\u00f3 Placencia.<\/p>\n<p><strong>Sobre CONFEDEC<\/strong><\/p>\n<p>La CONFEDEC es una instituci\u00f3n con finalidad de servicio social y sin fines de lucro. Est\u00e1 integrada por 22 federaciones provinciales, de acuerdo con la jurisdicci\u00f3n eclesi\u00e1stica. Adem\u00e1s, cuenta con una comunidad de 21.500 docentes y una poblaci\u00f3n estudiantil que bordea los 500.000 estudiantes, pertenecientes a 1.413 establecimientos de educaci\u00f3n cat\u00f3lica, en sus niveles: inicial, b\u00e1sico y bachillerato, e institutos de educaci\u00f3n superior.<\/p>\n<p>&nbsp;<\/p>\n<p><em>S\u00edguenos #LDMnoticias \u00f3 #lodelmomentolojaLDM<\/em><\/p>\n","protected":false},"excerpt":{"rendered":"<p>A trav\u00e9s de un convenio de cooperaci\u00f3n, las dos instituciones impulsar\u00e1n aspectos como la formaci\u00f3n&#8230;<\/p>\n","protected":false},"author":1,"featured_media":14995,"comment_status":"open","ping_status":"open","sticky":false,"template":"","format":"standard","meta":{"footnotes":""},"categories":[1,5],"tags":[],"class_list":["post-14994","post","type-post","status-publish","format-standard","has-post-thumbnail","hentry","category-inicio","category-loja"],"_links":{"self":[{"href":"https:\/\/www.lodelmomentoloja.com\/index.php?rest_route=\/wp\/v2\/posts\/14994"}],"collection":[{"href":"https:\/\/www.lodelmomentoloja.com\/index.php?rest_route=\/wp\/v2\/posts"}],"about":[{"href":"https:\/\/www.lodelmomentoloja.com\/index.php?rest_route=\/wp\/v2\/types\/post"}],"author":[{"embeddable":true,"href":"https:\/\/www.lodelmomentoloja.com\/index.php?rest_route=\/wp\/v2\/users\/1"}],"replies":[{"embeddable":true,"href":"https:\/\/www.lodelmomentoloja.com\/index.php?rest_route=%2Fwp%2Fv2%2Fcomments&post=14994"}],"version-history":[{"count":1,"href":"https:\/\/www.lodelmomentoloja.com\/index.php?rest_route=\/wp\/v2\/posts\/14994\/revisions"}],"predecessor-version":[{"id":14996,"href":"https:\/\/www.lodelmomentoloja.com\/index.php?rest_route=\/wp\/v2\/posts\/14994\/revisions\/14996"}],"wp:featuredmedia":[{"embeddable":true,"href":"https:\/\/www.lodelmomentoloja.com\/index.php?rest_route=\/wp\/v2\/media\/14995"}],"wp:attachment":[{"href":"https:\/\/www.lodelmomentoloja.com\/index.php?rest_route=%2Fwp%2Fv2%2Fmedia&parent=14994"}],"wp:term":[{"taxonomy":"category","embeddable":true,"href":"https:\/\/www.lodelmomentoloja.com\/index.php?rest_route=%2Fwp%2Fv2%2Fcategories&post=14994"},{"taxonomy":"post_tag","embeddable":true,"href":"https:\/\/www.lodelmomentoloja.com\/index.php?rest_route=%2Fwp%2Fv2%2Ftags&post=14994"}],"curies":[{"name":"wp","href":"https:\/\/api.w.org\/{rel}","templated":true}]}}