{"id":14979,"date":"2023-04-03T11:50:56","date_gmt":"2023-04-03T11:50:56","guid":{"rendered":"https:\/\/www.lodelmomentoloja.com\/?p=14979"},"modified":"2023-04-03T19:51:49","modified_gmt":"2023-04-03T19:51:49","slug":"danilo-parra-lanza-su-cancion-me-llevaras-contigo","status":"publish","type":"post","link":"https:\/\/www.lodelmomentoloja.com\/?p=14979","title":{"rendered":"Danilo Parra lanza su canci\u00f3n &#8220;Me llevar\u00e1s contigo&#8221;"},"content":{"rendered":"<p>\u201cME LLEVAR\u00c1S CONTIGO\u201d ES LA CANCI\u00d3N CON LA QUE <strong>DANILO PARRA CELEBRA SUS 20 A\u00d1OS DE TRAYECTORIA Y EL REGRESO A LOS ESCENARIOS<\/strong><\/p>\n<p>Danilo estrena la canci\u00f3n \u201cMe Llevar\u00e1s Contigo\u201d. En esta producci\u00f3n Danilo vuelve a sus sonidos originales y retoma El acorde\u00f3n, la caja vallenata y otros elementos del latin-pop que marcaron sus inicios y ahora con un toque actualizado del 2023.<\/p>\n<p>El cantautor que ha escrito \u00e9xitos inolvidables como \u201cPreciosa\u201d, \u201cNecesitaba llamarte\u201d, \u201cMi querida ex\u201d, \u201c\u00bfY por qu\u00e9?\u201d, entre otros, produjo esta canci\u00f3n entre Valledupar y Miami y cont\u00f3 con m\u00fasicos y productores que han participado con artistas del g\u00e9nero Vallenato y latin-pop de Colombia.<\/p>\n<p>Esta canci\u00f3n es una propuesta rom\u00e1ntico-bailable que mezcla el latin-pop con vallenato, salsa y bachata. El video clip que cont\u00f3 con grandes directores de cortos de cine y productores audiovisuales fue grabado en Miami y en otras locaciones de la capital del sol y ya est\u00e1 disponible en su canal oficial de Youtube y la canci\u00f3n en todas las plataformas digitales.<\/p>\n<p>&nbsp;<\/p>\n<p><strong>VIDEO MUSICAL &#8211; DANILO PARRA.<\/strong><\/p>\n<p><iframe loading=\"lazy\" title=\"Danilo Parra - Me llevar\u00e1s contigo\" width=\"640\" height=\"360\" src=\"https:\/\/www.youtube.com\/embed\/-LnbV8w0M1w?feature=oembed\" frameborder=\"0\" allow=\"accelerometer; autoplay; clipboard-write; encrypted-media; gyroscope; picture-in-picture; web-share\" referrerpolicy=\"strict-origin-when-cross-origin\" allowfullscreen><\/iframe><\/p>\n<p>&nbsp;<\/p>\n<p>HISTORIA DE DANILO PARRA.<\/p>\n<p class=\"has-text-color\">A sus 24 a\u00f1os, inici\u00f3 su carrera en Ecuador como solista rompiendo records de ventas y cambiando la historia musical del genero Pop en el pa\u00eds con su disco \u201cMis Canciones\u201d del cual se desprenden los \u00e9xitos<em>\u00a0\u201cNecesitaba llamarte\u201d,\u00a0\u201cY Porque\u201d<\/em>\u00a0y\u00a0<em>\u201cPreciosa\u201d<\/em>, temas de su autor\u00eda.<\/p>\n<p class=\"has-text-color\">A principios del 2003 Danilo Parra inicia una gira por todo su pa\u00eds con el Tour \u201cUououo yeah!\u201d, cosechando m\u00e1s \u00e9xitos y conquistando a su p\u00fablico. Su amor por la m\u00fasica se solidific\u00f3 a ra\u00edz de su actuaci\u00f3n en el\u00a0<strong>Teatro Centro De<\/strong>\u00a0<strong>Arte\u00a0<\/strong>el 28 de Junio del 2003, en donde sus fan\u00e1ticos abarrotaron el Teatro y disfrutaron de un concierto en vivo inolvidable recibiendo excelentes criticas de la prensa que cubri\u00f3 el evento.En 2003 es galardonado por el entonces\u00a0<strong>Vice Presidente de la Rep\u00fablica del Ecuador<\/strong>, el\u00a0<strong>Dr. Alfredo Palacio<\/strong>, donde se agasaj\u00f3 al cantautor entreg\u00e1ndole un documento de felicitaci\u00f3n por ser el artista de mayor proyecci\u00f3n internacional. Por su parte el\u00a0<strong>Congreso Nacional\u00a0<\/strong>le otorg\u00f3 el reconocimiento como \u201cEjemplo de Juventud y para las futuras generaciones\u201d.<\/p>\n<p class=\"has-text-color\">A comienzos del 2004, Danilo viaja a Miami, Florida en donde participa en un programa especial de la cadena de videos\u00a0<strong>HTV\u00a0<\/strong>llamado \u201cEN LA MIRA\u201d. Desde all\u00ed empez\u00f3 a conquistar el inter\u00e9s del p\u00fablico de otros pa\u00edses, participando tambi\u00e9n en el segmento\u00a0<strong>TUS 5\u00a0<\/strong>favoritas de\u00a0<strong>HTV<\/strong>.<\/p>\n<p class=\"has-text-color\">El tema \u201cPreciosa\u201d fue galardonado como\u00a0<strong>TEMA DEL A\u00d1O 2004<\/strong>.\u00a0<strong>Danilo Parra\u00a0<\/strong>fue una vez m\u00e1s reconocido como\u00a0<strong>ARTISTA DEL A\u00d1O 2004\u00a0<\/strong>en la mayor\u00eda de emisoras del pa\u00eds.<\/p>\n<p class=\"has-text-color\">Los sencillos promocionales del \u00e1lbum MIS CANCIONES: \u201cPreciosa\u201d, \u201c\u00bfY por que?\u201d y \u201cVuelves a Aparecer\u201d Fueron temas promocionales de las novelas: \u201cBelinda\u201d, \u201cLuna la Heredera\u201d y \u201cLa mujer en el espejo\u201d, en Ecuador respectivamente.<\/p>\n<p class=\"has-text-color\"><strong>Danilo Parra\u00a0<\/strong>fue el cantante que inauguro el festival de la\u00a0<strong>Calle 8\u00a0<\/strong>en Miami para la cadena UNIVISION de Miami. Fue invitado por el lanzamiento de su \u00c1lbum nuevo \u201c<strong>Mis Canciones<\/strong>\u201d en Estados Unidos a los programas:\u00a0<strong>Despierta Am\u00e9rica, Esc\u00e1ndalo TV\u00a0<\/strong>entre otros. Promocionando su sencillo \u201c<strong>Mal Herido\u201d<\/strong>.<\/p>\n<p class=\"has-text-color\">En el a\u00f1o 2006 fue prenominado al galard\u00f3n Grammy Latino en la categor\u00eda MEJOR ARTISTA MASCULINO POP CON SU ALBUM \u201c<strong>MIS CANCIONES\u201d.\u00a0<\/strong>(BEST MALE POP VOCAL ALBUM)<\/p>\n<p class=\"has-text-color\">En el 2007, cumpli\u00f3 un record \u00fanico nunca antes visto en el Pa\u00eds (Ecuador), superando los 350 conciertos. Durante el Tour \u201cMIS CANCIONES\u201d que realiz\u00f3, visit\u00f3 todas las provincias y sus principales ciudades y cantones llevando sus \u00e9xitos\u00a0<strong>\u201cPreciosa\u201d, \u201cNecesitaba Llamarte\u201d, \u201c\u00bfY por que?\u201d, \u201cMal herido\u201d,\u00a0<\/strong>entre otros.<\/p>\n<p class=\"has-text-color\">Unos meses mas tarde Franco de Vita lo invit\u00f3 ser parte a su gira por Ecuador denominada \u201cFranco de Vita y sus amigos\u201d en donde compartieron escenario y las canciones de Ambos.<\/p>\n<p>&nbsp;<\/p>\n<p><img loading=\"lazy\" decoding=\"async\" class=\"wp-image-14983  alignleft\" src=\"http:\/\/www.lodelmomentoloja.com\/wp-content\/uploads\/2023\/04\/aa-713x1024.jpg\" alt=\"\" width=\"471\" height=\"677\" srcset=\"https:\/\/www.lodelmomentoloja.com\/wp-content\/uploads\/2023\/04\/aa-713x1024.jpg 713w, https:\/\/www.lodelmomentoloja.com\/wp-content\/uploads\/2023\/04\/aa-209x300.jpg 209w, https:\/\/www.lodelmomentoloja.com\/wp-content\/uploads\/2023\/04\/aa-768x1103.jpg 768w, https:\/\/www.lodelmomentoloja.com\/wp-content\/uploads\/2023\/04\/aa-640x919.jpg 640w, https:\/\/www.lodelmomentoloja.com\/wp-content\/uploads\/2023\/04\/aa-1069x1536.jpg 1069w, https:\/\/www.lodelmomentoloja.com\/wp-content\/uploads\/2023\/04\/aa-1024x1471.jpg 1024w, https:\/\/www.lodelmomentoloja.com\/wp-content\/uploads\/2023\/04\/aa.jpg 1114w\" sizes=\"(max-width: 471px) 100vw, 471px\" \/><\/p>\n<p>&nbsp;<\/p>\n<p class=\"has-text-color\"><strong>DANILO PARRA\u00a0<\/strong>ha llevado su m\u00fasica a varios pa\u00edses de Latinoam\u00e9rica, Centroam\u00e9rica, Norteam\u00e9rica, el Caribe y Europa desde el 2008 con su producci\u00f3n musical \u201cDANILO PARRA 3,618\u201d donde ha gozado de una gran aceptaci\u00f3n.<\/p>\n<p class=\"has-text-color\">De este \u00faltimo \u00e1lbum mencionado la canci\u00f3n \u201cCOMO TU\u201d fue utilizada como tema institucional de R.T.S un prestigioso canal de televisi\u00f3n nacional de Ecuador.<\/p>\n<p class=\"has-text-color\">Desde febrero del 2010 este cantautor lanz\u00f3 2 canciones promocionales que han tenido gran acogida en Ecuador y Per\u00fa, estas fueron: \u201cAmor de Feisbuk\u201d (Facebook) de corte bailable y \u201cEl mejor hombre del mundo\u201d de corte rom\u00e1ntico.<\/p>\n<p class=\"has-text-color\">En agosto del 2012 recibi\u00f3 la condecoraci\u00f3n al m\u00e9rito art\u00edstico por parte de la Asamblea Nacional del Ecuador.<\/p>\n<p class=\"has-text-color\">En agosto del 2013 en la 2da edici\u00f3n de los premios SAYCE recibe 3 nominaciones a los prestigiosos galardones ganando en 2 categor\u00edas, como autor y compositor: DERECHO GENERADO EN TELEVISION y en g\u00e9nero BALADA POP con su canci\u00f3n Amor de Feisbuk (Facebook).<\/p>\n<p class=\"has-text-color\">En el 2014 su canci\u00f3n \u201cMI QUERIDA EX\u201d, una fusi\u00f3n Balada-Bachata, con el respaldo de los medios de comunicaci\u00f3n y de su incondicional p\u00fablico cumpli\u00f3 mas de 30 semanas en los charts de popularidad de Ecuador.<\/p>\n<p class=\"has-text-color\">En Mayo del 2015 recibi\u00f3 el nombramiento como Embajador Cultural y Art\u00edstico del Ecuador en New Jersey por parte del consulado ecuatoriano en esta ciudad, as\u00ed como un reconocimiento de la Ciudad de Newark, NJ y del Senado de los Estados Unidos por su aporte art\u00edstico al Ecuador.<\/p>\n<p class=\"has-text-color\">Danilo Parra propone llevar su m\u00fasica a nivel internacional para convertirse en artista orgullo de su pa\u00eds y unirse a los grandes talentos de Latinoam\u00e9rica.<\/p>\n<p>&nbsp;<\/p>\n<p><em>S\u00edguenos #LDMnoticias \u00f3 #lodelmomentolojaLDM<\/em><\/p>\n","protected":false},"excerpt":{"rendered":"<p>\u201cME LLEVAR\u00c1S CONTIGO\u201d ES LA CANCI\u00d3N CON LA QUE DANILO PARRA CELEBRA SUS 20 A\u00d1OS&#8230;<\/p>\n","protected":false},"author":1,"featured_media":14980,"comment_status":"open","ping_status":"open","sticky":false,"template":"","format":"standard","meta":{"footnotes":""},"categories":[7,1,5],"tags":[],"class_list":["post-14979","post","type-post","status-publish","format-standard","has-post-thumbnail","hentry","category-ecuador","category-inicio","category-loja"],"_links":{"self":[{"href":"https:\/\/www.lodelmomentoloja.com\/index.php?rest_route=\/wp\/v2\/posts\/14979"}],"collection":[{"href":"https:\/\/www.lodelmomentoloja.com\/index.php?rest_route=\/wp\/v2\/posts"}],"about":[{"href":"https:\/\/www.lodelmomentoloja.com\/index.php?rest_route=\/wp\/v2\/types\/post"}],"author":[{"embeddable":true,"href":"https:\/\/www.lodelmomentoloja.com\/index.php?rest_route=\/wp\/v2\/users\/1"}],"replies":[{"embeddable":true,"href":"https:\/\/www.lodelmomentoloja.com\/index.php?rest_route=%2Fwp%2Fv2%2Fcomments&post=14979"}],"version-history":[{"count":3,"href":"https:\/\/www.lodelmomentoloja.com\/index.php?rest_route=\/wp\/v2\/posts\/14979\/revisions"}],"predecessor-version":[{"id":14984,"href":"https:\/\/www.lodelmomentoloja.com\/index.php?rest_route=\/wp\/v2\/posts\/14979\/revisions\/14984"}],"wp:featuredmedia":[{"embeddable":true,"href":"https:\/\/www.lodelmomentoloja.com\/index.php?rest_route=\/wp\/v2\/media\/14980"}],"wp:attachment":[{"href":"https:\/\/www.lodelmomentoloja.com\/index.php?rest_route=%2Fwp%2Fv2%2Fmedia&parent=14979"}],"wp:term":[{"taxonomy":"category","embeddable":true,"href":"https:\/\/www.lodelmomentoloja.com\/index.php?rest_route=%2Fwp%2Fv2%2Fcategories&post=14979"},{"taxonomy":"post_tag","embeddable":true,"href":"https:\/\/www.lodelmomentoloja.com\/index.php?rest_route=%2Fwp%2Fv2%2Ftags&post=14979"}],"curies":[{"name":"wp","href":"https:\/\/api.w.org\/{rel}","templated":true}]}}