{"id":14927,"date":"2023-03-30T18:27:15","date_gmt":"2023-03-30T18:27:15","guid":{"rendered":"https:\/\/www.lodelmomentoloja.com\/?p=14927"},"modified":"2023-03-30T23:29:27","modified_gmt":"2023-03-30T23:29:27","slug":"lojano-elegido-para-formar-parte-del-comite-de-jovenes-de-la-union-europea","status":"publish","type":"post","link":"https:\/\/www.lodelmomentoloja.com\/?p=14927","title":{"rendered":"Lojano elegido para formar parte del comit\u00e9 de j\u00f3venes de la Uni\u00f3n Europea"},"content":{"rendered":"<p dir=\"ltr\">\ud83d\ude31\ud83d\udcaa\ud83c\udffc\ud83e\udee1 \u00a1El \u00fanico lojano! La Uni\u00f3n Europea en Ecuador seleccion\u00f3 a David Santiago Maldonado Peralta, de 23 a\u00f1os como uno de sus representantes m\u00e1s j\u00f3venes dentro del Comit\u00e9 Consultivo de J\u00f3venes de la Uni\u00f3n Europea en Ecuador CoCoECU, as\u00ed como \u00fanico representante en la provincia de Loja y Embajador Pro Bono del austro ecuatoriano.<\/p>\n<p>Son 22 j\u00f3venes de todo el pa\u00eds quienes trabajar\u00e1n en el periodo 2023 \u2013 2025 en temas de desarrollo y progreso para el Ecuador, en concordancia con las l\u00edneas de acci\u00f3n de la Uni\u00f3n Europea, sus pa\u00edses miembro y organizaciones que la conforman. El objetivo de la asesor\u00eda de los j\u00f3venes es identificar las necesidades de la juventud y que las acciones para abordarlas sean m\u00e1s relevantes y efectivas.<\/p>\n<p>El proceso de selecci\u00f3n dur\u00f3 m\u00e1s de dos meses y se postularon 227 j\u00f3venes provenientes de todo el pa\u00eds.<\/p>\n<p>Maldonado Peralta es miembro adem\u00e1s del Subcomit\u00e9 Econ\u00f3mico del CoCoECU, ente encargado del desarrollo de la econom\u00eda con enfoque a la soberan\u00eda alimentaria, fomento del agro y producci\u00f3n de calidad, no obstante, su accionar podr\u00e1 ser multisectorial.<\/p>\n<p>David Maldonado estuvo en reuni\u00f3n, junto a sus pares de todo el pa\u00eds, con el Embajador de la Uni\u00f3n Europea en Ecuador Charles-Michel Geurts, y representantes de las Embajadas Europeas as\u00ed como del Banco Europeo de Inversiones para trazar una hoja de ruta a seguir para el desarrollo de la regi\u00f3n sur del pa\u00eds.<\/p>\n<p>Maldonado Peralta tiene m\u00e1s de 13 a\u00f1os trabajando por la representatividad estudiantil, liderazgo juvenil e internacionalizaci\u00f3n de los espacios en los que se encuentra, buscando el progreso e igualdad de oportunidades en sus semejantes.<\/p>\n<p dir=\"ltr\">www.lodelmomentoloja.com<br \/>\n#LDMnoticias #lodelmomentolojaLDM<\/p>\n","protected":false},"excerpt":{"rendered":"<p>\ud83d\ude31\ud83d\udcaa\ud83c\udffc\ud83e\udee1 \u00a1El \u00fanico lojano! La Uni\u00f3n Europea en Ecuador seleccion\u00f3 a David Santiago Maldonado Peralta,&#8230;<\/p>\n","protected":false},"author":1,"featured_media":14928,"comment_status":"open","ping_status":"open","sticky":false,"template":"","format":"standard","meta":{"footnotes":""},"categories":[7,1,4],"tags":[],"class_list":["post-14927","post","type-post","status-publish","format-standard","has-post-thumbnail","hentry","category-ecuador","category-inicio","category-internacional"],"_links":{"self":[{"href":"https:\/\/www.lodelmomentoloja.com\/index.php?rest_route=\/wp\/v2\/posts\/14927"}],"collection":[{"href":"https:\/\/www.lodelmomentoloja.com\/index.php?rest_route=\/wp\/v2\/posts"}],"about":[{"href":"https:\/\/www.lodelmomentoloja.com\/index.php?rest_route=\/wp\/v2\/types\/post"}],"author":[{"embeddable":true,"href":"https:\/\/www.lodelmomentoloja.com\/index.php?rest_route=\/wp\/v2\/users\/1"}],"replies":[{"embeddable":true,"href":"https:\/\/www.lodelmomentoloja.com\/index.php?rest_route=%2Fwp%2Fv2%2Fcomments&post=14927"}],"version-history":[{"count":1,"href":"https:\/\/www.lodelmomentoloja.com\/index.php?rest_route=\/wp\/v2\/posts\/14927\/revisions"}],"predecessor-version":[{"id":14929,"href":"https:\/\/www.lodelmomentoloja.com\/index.php?rest_route=\/wp\/v2\/posts\/14927\/revisions\/14929"}],"wp:featuredmedia":[{"embeddable":true,"href":"https:\/\/www.lodelmomentoloja.com\/index.php?rest_route=\/wp\/v2\/media\/14928"}],"wp:attachment":[{"href":"https:\/\/www.lodelmomentoloja.com\/index.php?rest_route=%2Fwp%2Fv2%2Fmedia&parent=14927"}],"wp:term":[{"taxonomy":"category","embeddable":true,"href":"https:\/\/www.lodelmomentoloja.com\/index.php?rest_route=%2Fwp%2Fv2%2Fcategories&post=14927"},{"taxonomy":"post_tag","embeddable":true,"href":"https:\/\/www.lodelmomentoloja.com\/index.php?rest_route=%2Fwp%2Fv2%2Ftags&post=14927"}],"curies":[{"name":"wp","href":"https:\/\/api.w.org\/{rel}","templated":true}]}}