{"id":14898,"date":"2023-03-30T10:48:08","date_gmt":"2023-03-30T10:48:08","guid":{"rendered":"https:\/\/www.lodelmomentoloja.com\/?p=14898"},"modified":"2023-03-30T03:49:01","modified_gmt":"2023-03-30T03:49:01","slug":"cc-da-luz-verde-para-juicio-politico-contra-guillermo-lasso","status":"publish","type":"post","link":"https:\/\/www.lodelmomentoloja.com\/?p=14898","title":{"rendered":"CC da luz verde para juicio pol\u00edtico contra Guillermo Lasso"},"content":{"rendered":"<p dir=\"ltr\">\ud83e\uddd1\ud83c\udffb\u200d\u2696\ufe0f\ud83d\ude31\ud83d\udc49\ud83c\udffc \u00a1Ahora depende de la Asamblea Nacional! Con seis votos a favor y tres en contra el pleno de la Corte Constitucional (CC) resolvi\u00f3 admitir la solicitud de juicio pol\u00edtico en contra del presidente Guillermo Lasso. El pleno de la Corte sesion\u00f3 de manera extraordinaria desde las 20:00 de este mi\u00e9rcoles, 29 de marzo.<\/p>\n<p dir=\"ltr\">Votaron a favor los jueces Al\u00ed Lozada Prado, presidente; Karla Andrade Quevedo, Alejandra C\u00e1rdenas Reyes, Jhoel Escudero Soliz, Ricardo Ortiz Ortiz y Daniela Salazar Mar\u00edn,<\/p>\n<p dir=\"ltr\">Dieron sus votos en contra los magistrados Carmen Corral Ponce, vicepresidenta; Enrique Herrer\u00eda Bonnet y Teresa Nuques Mart\u00ednez.<\/p>\n<p dir=\"ltr\">www.lodelmomentoloja.com<br \/>\n#LDMnoticias#lodelmomentolojaLDM<\/p>\n","protected":false},"excerpt":{"rendered":"<p>\ud83e\uddd1\ud83c\udffb\u200d\u2696\ufe0f\ud83d\ude31\ud83d\udc49\ud83c\udffc \u00a1Ahora depende de la Asamblea Nacional! Con seis votos a favor y tres en&#8230;<\/p>\n","protected":false},"author":1,"featured_media":14899,"comment_status":"open","ping_status":"open","sticky":false,"template":"","format":"standard","meta":{"footnotes":""},"categories":[7,1,5],"tags":[],"class_list":["post-14898","post","type-post","status-publish","format-standard","has-post-thumbnail","hentry","category-ecuador","category-inicio","category-loja"],"_links":{"self":[{"href":"https:\/\/www.lodelmomentoloja.com\/index.php?rest_route=\/wp\/v2\/posts\/14898"}],"collection":[{"href":"https:\/\/www.lodelmomentoloja.com\/index.php?rest_route=\/wp\/v2\/posts"}],"about":[{"href":"https:\/\/www.lodelmomentoloja.com\/index.php?rest_route=\/wp\/v2\/types\/post"}],"author":[{"embeddable":true,"href":"https:\/\/www.lodelmomentoloja.com\/index.php?rest_route=\/wp\/v2\/users\/1"}],"replies":[{"embeddable":true,"href":"https:\/\/www.lodelmomentoloja.com\/index.php?rest_route=%2Fwp%2Fv2%2Fcomments&post=14898"}],"version-history":[{"count":1,"href":"https:\/\/www.lodelmomentoloja.com\/index.php?rest_route=\/wp\/v2\/posts\/14898\/revisions"}],"predecessor-version":[{"id":14900,"href":"https:\/\/www.lodelmomentoloja.com\/index.php?rest_route=\/wp\/v2\/posts\/14898\/revisions\/14900"}],"wp:featuredmedia":[{"embeddable":true,"href":"https:\/\/www.lodelmomentoloja.com\/index.php?rest_route=\/wp\/v2\/media\/14899"}],"wp:attachment":[{"href":"https:\/\/www.lodelmomentoloja.com\/index.php?rest_route=%2Fwp%2Fv2%2Fmedia&parent=14898"}],"wp:term":[{"taxonomy":"category","embeddable":true,"href":"https:\/\/www.lodelmomentoloja.com\/index.php?rest_route=%2Fwp%2Fv2%2Fcategories&post=14898"},{"taxonomy":"post_tag","embeddable":true,"href":"https:\/\/www.lodelmomentoloja.com\/index.php?rest_route=%2Fwp%2Fv2%2Ftags&post=14898"}],"curies":[{"name":"wp","href":"https:\/\/api.w.org\/{rel}","templated":true}]}}