{"id":14756,"date":"2023-03-23T08:53:35","date_gmt":"2023-03-23T08:53:35","guid":{"rendered":"https:\/\/www.lodelmomentoloja.com\/?p=14756"},"modified":"2023-03-23T13:54:53","modified_gmt":"2023-03-23T13:54:53","slug":"calles-inundadas-en-guayaquil","status":"publish","type":"post","link":"https:\/\/www.lodelmomentoloja.com\/?p=14756","title":{"rendered":"Calles inundadas en Guayaquil"},"content":{"rendered":"<p>\u26c8\ufe0f\ud83c\udf2a\ufe0f\ud83c\udf0a La fuerte lluvia inici\u00f3 a las 03:00 aproximadamente y se mantuvo hasta antes de las 06:00. Producto de esto las calles se llenaron de agua y decenas de veh\u00edculos se quedaron varados en su intento de transitar. M\u00e1s de 20 sectores se registraron inundados.<\/p>\n<p>El Instituto Nacional de Meteorolog\u00eda e Hidrolog\u00eda (Inamhi) alert\u00f3 que durante la madrugada y primeras horas del jueves 23 de marzo, se presentar\u00e1n lluvias intensas con tormentas y r\u00e1fagas de viento en el Litoral y estribaciones de cordillera.<\/p>\n<p>Alrededor de 20 zonas, se registraron inundadas:<\/p>\n<p>1. Av. Juan Tanca Marengo.<br \/>\n2. Nicol\u00e1s Segovia y Bolivia.<br \/>\n3. Socio Vivienda I.<br \/>\n4. Km 14 v\u00eda a Daule.<br \/>\n5. T\u00fanel de la Flor de Basti\u00f3n.<br \/>\n6. Sauces 5.<br \/>\n7. 25 y la K.<br \/>\n8. Mucho Lote.<br \/>\n9. Km 6,5 v\u00eda Daule.<br \/>\n10. 28 y Medardo \u00c1ngel Silva.<br \/>\n11. Pedro Carbo y Hern\u00e1n Cortez.<br \/>\n12. Av. Francisco de Orellana y Manuel G\u00f3mez-Lince.<br \/>\n13. Benjam\u00edn Carri\u00f3n y Felipe Pezo.<br \/>\n14. Quito y San Mart\u00edn.<br \/>\n15. Pascuales, ingreso a la Cervecer\u00eda.<br \/>\n16. Urdesa central (V\u00edctor Emilio Estrada y D\u00e1tiles).<br \/>\n17. Los Ceibos (calle Transversal y calle Primera).<br \/>\n18. Cdla. Las Orqu\u00eddeas, segunda etapa, mz. 59.<br \/>\n19. Urdenor.<br \/>\n20. Cdla. Bellavista.<\/p>\n<p>El ECU 911 Guayaquil report\u00f3 la salida del estero en el malec\u00f3n de la Isla Trinitaria, el sector del puente de la A, en el suburbio; barrio Garay y en el malec\u00f3n Abel Gilbert del cant\u00f3n Dur\u00e1n.<\/p>\n<p>www.lodelmomentoloja.com<br \/>\n#LDMnoticias #lodelmomentolojaLDM<\/p>\n","protected":false},"excerpt":{"rendered":"<p>\u26c8\ufe0f\ud83c\udf2a\ufe0f\ud83c\udf0a La fuerte lluvia inici\u00f3 a las 03:00 aproximadamente y se mantuvo hasta antes de&#8230;<\/p>\n","protected":false},"author":1,"featured_media":14757,"comment_status":"open","ping_status":"open","sticky":false,"template":"","format":"standard","meta":{"footnotes":""},"categories":[7,1],"tags":[],"class_list":["post-14756","post","type-post","status-publish","format-standard","has-post-thumbnail","hentry","category-ecuador","category-inicio"],"_links":{"self":[{"href":"https:\/\/www.lodelmomentoloja.com\/index.php?rest_route=\/wp\/v2\/posts\/14756"}],"collection":[{"href":"https:\/\/www.lodelmomentoloja.com\/index.php?rest_route=\/wp\/v2\/posts"}],"about":[{"href":"https:\/\/www.lodelmomentoloja.com\/index.php?rest_route=\/wp\/v2\/types\/post"}],"author":[{"embeddable":true,"href":"https:\/\/www.lodelmomentoloja.com\/index.php?rest_route=\/wp\/v2\/users\/1"}],"replies":[{"embeddable":true,"href":"https:\/\/www.lodelmomentoloja.com\/index.php?rest_route=%2Fwp%2Fv2%2Fcomments&post=14756"}],"version-history":[{"count":1,"href":"https:\/\/www.lodelmomentoloja.com\/index.php?rest_route=\/wp\/v2\/posts\/14756\/revisions"}],"predecessor-version":[{"id":14758,"href":"https:\/\/www.lodelmomentoloja.com\/index.php?rest_route=\/wp\/v2\/posts\/14756\/revisions\/14758"}],"wp:featuredmedia":[{"embeddable":true,"href":"https:\/\/www.lodelmomentoloja.com\/index.php?rest_route=\/wp\/v2\/media\/14757"}],"wp:attachment":[{"href":"https:\/\/www.lodelmomentoloja.com\/index.php?rest_route=%2Fwp%2Fv2%2Fmedia&parent=14756"}],"wp:term":[{"taxonomy":"category","embeddable":true,"href":"https:\/\/www.lodelmomentoloja.com\/index.php?rest_route=%2Fwp%2Fv2%2Fcategories&post=14756"},{"taxonomy":"post_tag","embeddable":true,"href":"https:\/\/www.lodelmomentoloja.com\/index.php?rest_route=%2Fwp%2Fv2%2Ftags&post=14756"}],"curies":[{"name":"wp","href":"https:\/\/api.w.org\/{rel}","templated":true}]}}