{"id":14739,"date":"2023-03-22T12:00:28","date_gmt":"2023-03-22T12:00:28","guid":{"rendered":"https:\/\/www.lodelmomentoloja.com\/?p=14739"},"modified":"2023-03-22T19:39:16","modified_gmt":"2023-03-22T19:39:16","slug":"rafael-davila-culpa-de-tramitar-puesto-al-asambleista-byron-maldonado","status":"publish","type":"post","link":"https:\/\/www.lodelmomentoloja.com\/?p=14739","title":{"rendered":"Rafael D\u00e1vila culpa al asamble\u00edsta Byron Maldonado de tramitar cargos p\u00fablicos"},"content":{"rendered":"<p>&nbsp;<\/p>\n<p>Las disputas pol\u00edticas no han parado en la provincia entre el Prefecto de Loja y Presidente del Movimiento CREO, Rafael D\u00e1vila y el Asamble\u00edsta de CREO Byron Maldonado, esto, tras las recientes declaraciones de D\u00e1vila, en las que nuevamente vuelve a criticar al asamble\u00edsta Maldonado, enfatizando que su gesti\u00f3n ha sido gestionar cargos para sus amigos y c\u00edrculo cercano, incluso hace referencia a instituciones como Servicio Nacional de Aduana del Ecuador (SENAE), BanEcuador, entre otras instituciones de la provincia de Loja.<\/p>\n<p>&nbsp;<\/p>\n<p>En la entrevista mantenida en un medio radial local, D\u00e1vila enfatiza que Maldonado fue quien ha metido la mano en las diferentes designaciones, esto, aprovech\u00e1ndose de su condici\u00f3n de legislador, que de ser el caso, se hablar\u00eda del <strong>Tr\u00e1fico de influencias<\/strong>, <strong>delito tipificado en el Art. el art\u00edculo 285 del C\u00f3digo Org\u00e1nico Integral Penal<\/strong>, que dice: &#8220;las o los servidores p\u00fablicos, y las personas que act\u00faen en virtud de una potestad estatal en alguna de las instituciones del Estado(&#8230;) prevali\u00e9ndose de las facultades de su cargo o de cualquier otra situaci\u00f3n derivada de su relaci\u00f3n personal o jer\u00e1rquica, ejerza influencia en otra u otro servidor para obtener un acto o resoluci\u00f3n favorable a sus intereses o de terceros, <strong>ser\u00e1n sancionados con una pena de tres a cinco a\u00f1os<\/strong>.<\/p>\n<p>&nbsp;<\/p>\n<p><strong>Audio 1.<\/strong><\/p>\n<p>&nbsp;<\/p>\n<!--[if lt IE 9]><script>document.createElement('audio');<\/script><![endif]-->\n<audio class=\"wp-audio-shortcode\" id=\"audio-14739-1\" preload=\"none\" style=\"width: 100%;\" controls=\"controls\"><source type=\"audio\/mpeg\" src=\"http:\/\/www.lodelmomentoloja.com\/wp-content\/uploads\/2023\/03\/AUDIO-1.mp3?_=1\" \/><a href=\"http:\/\/www.lodelmomentoloja.com\/wp-content\/uploads\/2023\/03\/AUDIO-1.mp3\">http:\/\/www.lodelmomentoloja.com\/wp-content\/uploads\/2023\/03\/AUDIO-1.mp3<\/a><\/audio>\n<p>&nbsp;<\/p>\n<p><strong>Audio 2.<\/strong><\/p>\n<p>&nbsp;<\/p>\n<audio class=\"wp-audio-shortcode\" id=\"audio-14739-2\" preload=\"none\" style=\"width: 100%;\" controls=\"controls\"><source type=\"audio\/mpeg\" src=\"http:\/\/www.lodelmomentoloja.com\/wp-content\/uploads\/2023\/03\/AUDIO-2.mp3?_=2\" \/><a href=\"http:\/\/www.lodelmomentoloja.com\/wp-content\/uploads\/2023\/03\/AUDIO-2.mp3\">http:\/\/www.lodelmomentoloja.com\/wp-content\/uploads\/2023\/03\/AUDIO-2.mp3<\/a><\/audio>\n<p>&nbsp;<\/p>\n<p>En ese sentido, mientras el vigente presidente provincial de CREO, tambi\u00e9n calific\u00f3 su labor como de tramitador, algo que ha sido rechazado por el mismo legislador Byron Maldonado, pero hasta la presente fecha, no existe una denuncia por ninguno de los involucrados en este conflicto, tanto D\u00e1vila denunciando a Maldonado o viceversa.<\/p>\n<p>&nbsp;<\/p>\n<p><em>S\u00edguenos #LDMnoticias \u00f3 #lodelmomentolojaLDM<\/em><\/p>\n","protected":false},"excerpt":{"rendered":"<p>&nbsp; Las disputas pol\u00edticas no han parado en la provincia entre el Prefecto de Loja&#8230;<\/p>\n","protected":false},"author":1,"featured_media":14741,"comment_status":"open","ping_status":"open","sticky":false,"template":"","format":"standard","meta":{"footnotes":""},"categories":[1,5],"tags":[],"class_list":["post-14739","post","type-post","status-publish","format-standard","has-post-thumbnail","hentry","category-inicio","category-loja"],"_links":{"self":[{"href":"https:\/\/www.lodelmomentoloja.com\/index.php?rest_route=\/wp\/v2\/posts\/14739"}],"collection":[{"href":"https:\/\/www.lodelmomentoloja.com\/index.php?rest_route=\/wp\/v2\/posts"}],"about":[{"href":"https:\/\/www.lodelmomentoloja.com\/index.php?rest_route=\/wp\/v2\/types\/post"}],"author":[{"embeddable":true,"href":"https:\/\/www.lodelmomentoloja.com\/index.php?rest_route=\/wp\/v2\/users\/1"}],"replies":[{"embeddable":true,"href":"https:\/\/www.lodelmomentoloja.com\/index.php?rest_route=%2Fwp%2Fv2%2Fcomments&post=14739"}],"version-history":[{"count":3,"href":"https:\/\/www.lodelmomentoloja.com\/index.php?rest_route=\/wp\/v2\/posts\/14739\/revisions"}],"predecessor-version":[{"id":14746,"href":"https:\/\/www.lodelmomentoloja.com\/index.php?rest_route=\/wp\/v2\/posts\/14739\/revisions\/14746"}],"wp:featuredmedia":[{"embeddable":true,"href":"https:\/\/www.lodelmomentoloja.com\/index.php?rest_route=\/wp\/v2\/media\/14741"}],"wp:attachment":[{"href":"https:\/\/www.lodelmomentoloja.com\/index.php?rest_route=%2Fwp%2Fv2%2Fmedia&parent=14739"}],"wp:term":[{"taxonomy":"category","embeddable":true,"href":"https:\/\/www.lodelmomentoloja.com\/index.php?rest_route=%2Fwp%2Fv2%2Fcategories&post=14739"},{"taxonomy":"post_tag","embeddable":true,"href":"https:\/\/www.lodelmomentoloja.com\/index.php?rest_route=%2Fwp%2Fv2%2Ftags&post=14739"}],"curies":[{"name":"wp","href":"https:\/\/api.w.org\/{rel}","templated":true}]}}