{"id":14686,"date":"2023-03-20T13:20:09","date_gmt":"2023-03-20T13:20:09","guid":{"rendered":"https:\/\/www.lodelmomentoloja.com\/?p=14686"},"modified":"2023-03-20T18:24:09","modified_gmt":"2023-03-20T18:24:09","slug":"hecho-historico-tras-la-maraton-de-42k-en-barcelona","status":"publish","type":"post","link":"https:\/\/www.lodelmomentoloja.com\/?p=14686","title":{"rendered":"Hecho hist\u00f3rico tras la marat\u00f3n de 42k en Barcelona"},"content":{"rendered":"<p>\ud83c\udfc3\ud83c\udffb\u200d\u2642\ufe0f\ud83d\ude0e\ud83c\udfc5La 44 edici\u00f3n del marat\u00f3n de Barcelona tambi\u00e9n se recordar\u00e1 por la gesta que ha protagonizado el barcelon\u00e9s Alex Roca.<\/p>\n<p>Roca es un deportista con un 76% de discapacidad f\u00edsica que ha sido la primera persona del mundo en su situaci\u00f3n en completar los 42km de una carrera de este tipo, con un tiempo de 5h.50:51.<\/p>\n<p>El catal\u00e1n de 32 a\u00f1os, ya hab\u00eda completado anteriormente cinco triatlones, un aquatl\u00f3n, cinco medios maratones (Barcelona 2019, 2022 y 2023, Granollers 2023, Nueva York y Miami 2022), la Titan Desert en 2019 y la Pilgrim Race en 2018.<\/p>\n<p>El atleta sufre un 76% de discapacidad y par\u00e1lisis cerebral desde que sufri\u00f3 una encefalitis viral herp\u00e9tica cuando ten\u00eda tan solo seis meses de vida. Tambi\u00e9n ha sufrido varias operaciones en los tendones de un pie porque ten\u00eda una curvatura muy pronunciada en el mismo y tiene la parte izquierda de su cuerpo con movilidad reducida. Se comunica por el lenguaje de signos y es su esposa Mari Carmen Maza la que los interpreta.<\/p>\n<p>Abri\u00f3 2023 con el medio marat\u00f3n de Granollers, que finaliz\u00f3 en 2h.45:16. Un mes despu\u00e9s, el pasado 19 de febrero, complet\u00f3 el medio marat\u00f3n de Barcelona en 2h.38:28.<\/p>\n<p>Este domingo, en el marat\u00f3n de Barcelona, ha marcado una cadencia de 7 a 9 minutos por kil\u00f3metro, empezando con 7\u201949\u2032\u201d en los primeros 5km (39:06).<\/p>\n<p>www.lodelmomentoloja.com<\/p>\n<p>#LDMnoticias #lodelmomentolojaLDM<\/p>\n","protected":false},"excerpt":{"rendered":"<p>\ud83c\udfc3\ud83c\udffb\u200d\u2642\ufe0f\ud83d\ude0e\ud83c\udfc5La 44 edici\u00f3n del marat\u00f3n de Barcelona tambi\u00e9n se recordar\u00e1 por la gesta que ha&#8230;<\/p>\n","protected":false},"author":1,"featured_media":14687,"comment_status":"open","ping_status":"open","sticky":false,"template":"","format":"standard","meta":{"footnotes":""},"categories":[1,4],"tags":[],"class_list":["post-14686","post","type-post","status-publish","format-standard","has-post-thumbnail","hentry","category-inicio","category-internacional"],"_links":{"self":[{"href":"https:\/\/www.lodelmomentoloja.com\/index.php?rest_route=\/wp\/v2\/posts\/14686"}],"collection":[{"href":"https:\/\/www.lodelmomentoloja.com\/index.php?rest_route=\/wp\/v2\/posts"}],"about":[{"href":"https:\/\/www.lodelmomentoloja.com\/index.php?rest_route=\/wp\/v2\/types\/post"}],"author":[{"embeddable":true,"href":"https:\/\/www.lodelmomentoloja.com\/index.php?rest_route=\/wp\/v2\/users\/1"}],"replies":[{"embeddable":true,"href":"https:\/\/www.lodelmomentoloja.com\/index.php?rest_route=%2Fwp%2Fv2%2Fcomments&post=14686"}],"version-history":[{"count":1,"href":"https:\/\/www.lodelmomentoloja.com\/index.php?rest_route=\/wp\/v2\/posts\/14686\/revisions"}],"predecessor-version":[{"id":14688,"href":"https:\/\/www.lodelmomentoloja.com\/index.php?rest_route=\/wp\/v2\/posts\/14686\/revisions\/14688"}],"wp:featuredmedia":[{"embeddable":true,"href":"https:\/\/www.lodelmomentoloja.com\/index.php?rest_route=\/wp\/v2\/media\/14687"}],"wp:attachment":[{"href":"https:\/\/www.lodelmomentoloja.com\/index.php?rest_route=%2Fwp%2Fv2%2Fmedia&parent=14686"}],"wp:term":[{"taxonomy":"category","embeddable":true,"href":"https:\/\/www.lodelmomentoloja.com\/index.php?rest_route=%2Fwp%2Fv2%2Fcategories&post=14686"},{"taxonomy":"post_tag","embeddable":true,"href":"https:\/\/www.lodelmomentoloja.com\/index.php?rest_route=%2Fwp%2Fv2%2Ftags&post=14686"}],"curies":[{"name":"wp","href":"https:\/\/api.w.org\/{rel}","templated":true}]}}